{"id":76510,"date":"2025-02-24T07:01:08","date_gmt":"2025-02-24T13:01:08","guid":{"rendered":"https:\/\/elinformante.mx\/?p=76510"},"modified":"2025-02-24T07:01:09","modified_gmt":"2025-02-24T13:01:09","slug":"pide-iglesia-de-mexico-no-especular-sobre-salud-del-papa-francisco","status":"publish","type":"post","link":"https:\/\/elinformante.mx\/?p=76510","title":{"rendered":"Pide Iglesia de M\u00e9xico no especular sobre salud del Papa Francisco"},"content":{"rendered":"\n<figure class=\"wp-block-pullquote\"><blockquote><p>Pidi\u00f3 a los creyentes esperar y seguir orando en favor de la salud del pont\u00edfice.<\/p><\/blockquote><\/figure>\n\n\n\n<p class=\"has-drop-cap\">Este fin de semana la Iglesia cat\u00f3lica de M\u00e9xico pidi\u00f3 no especular sobre la salud del papa Francisco, inst\u00f3 a no adelantarse a los hechos despu\u00e9s de que su condici\u00f3n se agrav\u00f3 el s\u00e1bado tras sufrir una crisis respiratoria, y requerir ox\u00edgeno y transfusiones de sangre.<br><\/p>\n\n\n\n<p>Manifest\u00f3 la arquidi\u00f3cesis que como fieles creyentes, el arma m\u00e1s poderosa es la oraci\u00f3n, donde en momentos delicados, se debe uno enfocar en ello y caer en rumores o adelantarse a los hechos.<br><\/p>\n\n\n\n<p>Adem\u00e1s la instituci\u00f3n mexicana pidi\u00f3 orar por Francisco, quien descans\u00f3 por la noche, pero a\u00fan necesitaba ox\u00edgeno en la ma\u00f1ana del domingo y ha tenido m\u00e1s dolor que en los \u00faltimos d\u00edas, seg\u00fan informaron fuentes vaticanas.<br><\/p>\n\n\n\n<p>Fue este s\u00e1bado, cuando el papa de 800 a\u00f1os, present\u00f3 una crisis respiratoria asm\u00e1tica prolongada, que requiri\u00f3 tambi\u00e9n la aplicaci\u00f3n de ox\u00edgeno de alto flujo, seg\u00fan explic\u00f3 el parte m\u00e9dico.<br><\/p>\n\n\n\n<p>La Iglesia cat\u00f3lica en M\u00e9xico coment\u00f3 que esto ha despertado la preocupaci\u00f3n de millones de personas alrededor del mundo, pero lament\u00f3 que tambi\u00e9n se han desatado las especulaciones.<br><\/p>\n\n\n\n<p>En 2021, el mismo papa Francisco dijo en una entrevista que \u2018siempre que un Papa est\u00e1 enfermo corre brisa o hurac\u00e1n de c\u00f3nclave\u2019.<br><\/p>\n\n\n\n<p>Se tiene muy en claro la relevancia del pont\u00edfice en M\u00e9xico, que es el segundo pa\u00eds con m\u00e1s cat\u00f3licos del mundo, casi 98 millones, solo detr\u00e1s de Brasil.<br><\/p>\n\n\n\n<p>La presidenta Claudia Sheinbaum dese\u00f3 pronta recuperaci\u00f3n al argentino, a quien considera un gran humanista y muy progresista por promover la inclusi\u00f3n de las mujeres en la Iglesia cat\u00f3lica.<br><\/p>\n\n\n\n<p>\u201cDeseamos pronta recuperaci\u00f3n al papa Francisco, gran humanista que ha optado por los m\u00e1s pobres y por promover la fraternidad entre las personas y entre las naciones\u201d, escribi\u00f3 la mandataria en sus redes sociales.<\/p>\n","protected":false},"excerpt":{"rendered":"<p>Pidi\u00f3 a los creyentes esperar y seguir orando en favor de la salud del pont\u00edfice. Este fin de semana la Iglesia cat\u00f3lica de M\u00e9xico pidi\u00f3 no especular sobre la salud del papa Francisco, inst\u00f3 a no adelantarse a los hechos despu\u00e9s de que su condici\u00f3n se agrav\u00f3 el s\u00e1bado tras sufrir una crisis respiratoria, y [&hellip;]<\/p>\n","protected":false},"author":1,"featured_media":76511,"comment_status":"closed","ping_status":"closed","sticky":false,"template":"","format":"standard","meta":{"footnotes":""},"categories":[30,34,31],"tags":[],"class_list":["post-76510","post","type-post","status-publish","format-standard","has-post-thumbnail","hentry","category-destacado","category-nacional","category-portada"],"_links":{"self":[{"href":"https:\/\/elinformante.mx\/index.php?rest_route=\/wp\/v2\/posts\/76510","targetHints":{"allow":["GET"]}}],"collection":[{"href":"https:\/\/elinformante.mx\/index.php?rest_route=\/wp\/v2\/posts"}],"about":[{"href":"https:\/\/elinformante.mx\/index.php?rest_route=\/wp\/v2\/types\/post"}],"author":[{"embeddable":true,"href":"https:\/\/elinformante.mx\/index.php?rest_route=\/wp\/v2\/users\/1"}],"replies":[{"embeddable":true,"href":"https:\/\/elinformante.mx\/index.php?rest_route=%2Fwp%2Fv2%2Fcomments&post=76510"}],"version-history":[{"count":0,"href":"https:\/\/elinformante.mx\/index.php?rest_route=\/wp\/v2\/posts\/76510\/revisions"}],"wp:featuredmedia":[{"embeddable":true,"href":"https:\/\/elinformante.mx\/index.php?rest_route=\/wp\/v2\/media\/76511"}],"wp:attachment":[{"href":"https:\/\/elinformante.mx\/index.php?rest_route=%2Fwp%2Fv2%2Fmedia&parent=76510"}],"wp:term":[{"taxonomy":"category","embeddable":true,"href":"https:\/\/elinformante.mx\/index.php?rest_route=%2Fwp%2Fv2%2Fcategories&post=76510"},{"taxonomy":"post_tag","embeddable":true,"href":"https:\/\/elinformante.mx\/index.php?rest_route=%2Fwp%2Fv2%2Ftags&post=76510"}],"curies":[{"name":"wp","href":"https:\/\/api.w.org\/{rel}","templated":true}]}}