{"id":76740,"date":"2025-02-26T06:56:22","date_gmt":"2025-02-26T12:56:22","guid":{"rendered":"https:\/\/elinformante.mx\/?p=76740"},"modified":"2025-02-26T06:56:26","modified_gmt":"2025-02-26T12:56:26","slug":"se-acabaron-los-abrazos-gracias-a-usa-crea-mexico-fuerza-elite-para-combatir-crimen-organizado","status":"publish","type":"post","link":"https:\/\/elinformante.mx\/?p=76740","title":{"rendered":"\u00a1SE ACABARON LOS ABRAZOS GRACIAS A USA! CREA M\u00c9XICO FUERZA \u00c9LITE PARA COMBATIR CRIMEN ORGANIZADO"},"content":{"rendered":"\n<figure class=\"wp-block-pullquote\"><blockquote><p>Esta unidad agrupa a los mejores elementos de la Brigada de Fuerzas Especiales, las Fuerzas Especiales de Fusileros Paracaidistas y la Fuerza Especial de Reacci\u00f3n Inmediata de la Guardia Nacional.<\/p><\/blockquote><\/figure>\n\n\n\n<p class=\"has-drop-cap\">Fue el general de divisi\u00f3n, Ricardo Trevilla, secretario de la Defensa Nacional, el encargado de mencionar la formaci\u00f3n de un nuevo cuerpo militar de \u00e9lite denominado \u201cFuerza Especial Conjunta\u201d, creado espec\u00edficamente para enfrentar al crimen organizado en M\u00e9xico.<br><\/p>\n\n\n\n<p>El general de divisi\u00f3n explic\u00f3 que esta unidad, que agrupa a los mejores elementos de varios batallones especializados, est\u00e1 compuesta por personal de la Brigada de Fuerzas Especiales, las Fuerzas Especiales de Fusileros Paracaidistas y la Fuerza Especial de Reacci\u00f3n Inmediata de la Guardia Nacional.<br><\/p>\n\n\n\n<p>Destac\u00f3 que la Fuerza Especial Conjunta ha incrementado significativamente su nivel de adiestramiento, equipamiento y armamento, lo que ha permitido llevar a cabo operaciones m\u00e1s efectivas contra los grupos del crimen organizado.<br><\/p>\n\n\n\n<figure class=\"wp-block-image size-large\"><img fetchpriority=\"high\" decoding=\"async\" width=\"1024\" height=\"506\" src=\"https:\/\/elinformante.mx\/wp-content\/uploads\/2025\/02\/9fuerza-2-1024x506.jpg\" alt=\"\" class=\"wp-image-76742\" srcset=\"https:\/\/elinformante.mx\/wp-content\/uploads\/2025\/02\/9fuerza-2-1024x506.jpg 1024w, https:\/\/elinformante.mx\/wp-content\/uploads\/2025\/02\/9fuerza-2-300x148.jpg 300w, https:\/\/elinformante.mx\/wp-content\/uploads\/2025\/02\/9fuerza-2-768x379.jpg 768w, https:\/\/elinformante.mx\/wp-content\/uploads\/2025\/02\/9fuerza-2.jpg 1140w\" sizes=\"(max-width: 1024px) 100vw, 1024px\" \/><\/figure>\n\n\n\n<p>El secretario de la Defensa neg\u00f3 las especulaciones sobre posibles violaciones del espacio a\u00e9reo mexicano por aeronaves estadounidenses o labores de espionaje en territorio nacional.<br><\/p>\n\n\n\n<p>Detall\u00f3 que, en el proceso de informaci\u00f3n, M\u00e9xico colabora con diversas fuentes nacionales e internacionales, incluyendo agencias como Europol, Interpol y autoridades de Estados Unidos.<br><\/p>\n\n\n\n<p>Asegur\u00f3 que las Fuerzas Armadas mexicanas son las encargadas de solicitar cualquier apoyo a\u00e9reo internacional, como los sobre vuelos, los cuales son autorizados solo con la especificaci\u00f3n de \u00e1reas y rutas, y la informaci\u00f3n obtenida es transmitida en tiempo real a las autoridades mexicanas.<br><\/p>\n\n\n\n<figure class=\"wp-block-image size-large\"><img decoding=\"async\" width=\"1024\" height=\"506\" src=\"https:\/\/elinformante.mx\/wp-content\/uploads\/2025\/02\/9fuerza-3-1024x506.jpg\" alt=\"\" class=\"wp-image-76743\" srcset=\"https:\/\/elinformante.mx\/wp-content\/uploads\/2025\/02\/9fuerza-3-1024x506.jpg 1024w, https:\/\/elinformante.mx\/wp-content\/uploads\/2025\/02\/9fuerza-3-300x148.jpg 300w, https:\/\/elinformante.mx\/wp-content\/uploads\/2025\/02\/9fuerza-3-768x379.jpg 768w, https:\/\/elinformante.mx\/wp-content\/uploads\/2025\/02\/9fuerza-3.jpg 1140w\" sizes=\"(max-width: 1024px) 100vw, 1024px\" \/><\/figure>\n\n\n\n<p>Trevilla detall\u00f3 que, desde octubre de 2024, con la implementaci\u00f3n de una nueva estrategia de seguridad basada en inteligencia y cooperaci\u00f3n internacional, las acciones contra los grupos delictivos se han intensificado.<br><\/p>\n\n\n\n<p>Esta nueva estrategia ha permitido detenciones clave, como las realizadas en Culiac\u00e1n, resultado de un trabajo de inteligencia y coordinaci\u00f3n entre diversas instituciones nacionales e internacionales.<br><\/p>\n\n\n\n<p>El titular de la Sedena subray\u00f3 que las operaciones son planificadas y ejecutadas exclusivamente por las tropas mexicanas, incluyendo la Guardia Nacional y, en algunos casos, la Marina, con el apoyo del Centro Nacional de Inteligencia (CNI).<\/p>\n\n\n\n<figure class=\"wp-block-image size-large\"><img decoding=\"async\" width=\"1024\" height=\"506\" src=\"https:\/\/elinformante.mx\/wp-content\/uploads\/2025\/02\/9fuerza-1024x506.jpg\" alt=\"\" class=\"wp-image-76744\" srcset=\"https:\/\/elinformante.mx\/wp-content\/uploads\/2025\/02\/9fuerza-1024x506.jpg 1024w, https:\/\/elinformante.mx\/wp-content\/uploads\/2025\/02\/9fuerza-300x148.jpg 300w, https:\/\/elinformante.mx\/wp-content\/uploads\/2025\/02\/9fuerza-768x379.jpg 768w, https:\/\/elinformante.mx\/wp-content\/uploads\/2025\/02\/9fuerza.jpg 1140w\" sizes=\"(max-width: 1024px) 100vw, 1024px\" \/><\/figure>\n","protected":false},"excerpt":{"rendered":"<p>Esta unidad agrupa a los mejores elementos de la Brigada de Fuerzas Especiales, las Fuerzas Especiales de Fusileros Paracaidistas y la Fuerza Especial de Reacci\u00f3n Inmediata de la Guardia Nacional. Fue el general de divisi\u00f3n, Ricardo Trevilla, secretario de la Defensa Nacional, el encargado de mencionar la formaci\u00f3n de un nuevo cuerpo militar de \u00e9lite [&hellip;]<\/p>\n","protected":false},"author":1,"featured_media":76741,"comment_status":"closed","ping_status":"closed","sticky":false,"template":"","format":"standard","meta":{"footnotes":""},"categories":[30,34,31],"tags":[47],"class_list":["post-76740","post","type-post","status-publish","format-standard","has-post-thumbnail","hentry","category-destacado","category-nacional","category-portada","tag-portadanacional"],"_links":{"self":[{"href":"https:\/\/elinformante.mx\/index.php?rest_route=\/wp\/v2\/posts\/76740","targetHints":{"allow":["GET"]}}],"collection":[{"href":"https:\/\/elinformante.mx\/index.php?rest_route=\/wp\/v2\/posts"}],"about":[{"href":"https:\/\/elinformante.mx\/index.php?rest_route=\/wp\/v2\/types\/post"}],"author":[{"embeddable":true,"href":"https:\/\/elinformante.mx\/index.php?rest_route=\/wp\/v2\/users\/1"}],"replies":[{"embeddable":true,"href":"https:\/\/elinformante.mx\/index.php?rest_route=%2Fwp%2Fv2%2Fcomments&post=76740"}],"version-history":[{"count":0,"href":"https:\/\/elinformante.mx\/index.php?rest_route=\/wp\/v2\/posts\/76740\/revisions"}],"wp:featuredmedia":[{"embeddable":true,"href":"https:\/\/elinformante.mx\/index.php?rest_route=\/wp\/v2\/media\/76741"}],"wp:attachment":[{"href":"https:\/\/elinformante.mx\/index.php?rest_route=%2Fwp%2Fv2%2Fmedia&parent=76740"}],"wp:term":[{"taxonomy":"category","embeddable":true,"href":"https:\/\/elinformante.mx\/index.php?rest_route=%2Fwp%2Fv2%2Fcategories&post=76740"},{"taxonomy":"post_tag","embeddable":true,"href":"https:\/\/elinformante.mx\/index.php?rest_route=%2Fwp%2Fv2%2Ftags&post=76740"}],"curies":[{"name":"wp","href":"https:\/\/api.w.org\/{rel}","templated":true}]}}