{"id":77146,"date":"2025-03-04T06:03:29","date_gmt":"2025-03-04T12:03:29","guid":{"rendered":"https:\/\/elinformante.mx\/?p=77146"},"modified":"2025-03-04T06:03:31","modified_gmt":"2025-03-04T12:03:31","slug":"la-procesan-por-robo-y-el-homicidio-de-un-hombre-en-texcoco","status":"publish","type":"post","link":"https:\/\/elinformante.mx\/?p=77146","title":{"rendered":"La procesan por robo y el homicidio de un hombre en Texcoco"},"content":{"rendered":"\n<figure class=\"wp-block-pullquote\"><blockquote><p>Tras revisar los datos de prueba aportados por el Ministerio P\u00fablico de la FGJEM, el \u00d3rgano Jurisdiccional determin\u00f3 iniciar proceso legal en contra de esta persona.<\/p><\/blockquote><\/figure>\n\n\n\n<p class=\"has-drop-cap\">Frida \u201cN\u201d, investigada por su probable intervenci\u00f3n en el hecho delictivo de robo con la agravante de causar la muerte de un hombre en el municipio de Texcoco, fue vinculada a proceso.<br><\/p>\n\n\n\n<p>Tras revisar los datos de prueba aportados por el Ministerio P\u00fablico de la FGJEM, el \u00d3rgano Jurisdiccional determin\u00f3 iniciar proceso legal en contra de esta persona, adem\u00e1s estableci\u00f3 plazo de un mes para el cierre de investigaci\u00f3n complementaria y medida cautelar de prisi\u00f3n preventiva justificada.<br><\/p>\n\n\n\n<p>Los hechos por los cuales es investigada se registraron el d\u00eda 13 de abril del a\u00f1o 2019, cuando en complicidad de cuatro mujeres m\u00e1s, habr\u00eda intervenido en el homicidio de un masculino, cuyo cuerpo fue encontrado en una habitaci\u00f3n de un hotel ubicado en la carretera federal M\u00e9xico-Zacatepec, en la colonia Xala, en Texcoco.<br><\/p>\n\n\n\n<p>Las investigaciones realizadas por la Fiscal\u00eda Edom\u00e9x derivado del hallazgo del cuerpo, permitieron establecer que horas antes la v\u00edctima se encontraba con cuatro amigos m\u00e1s en un restaurante en la feria internacional del caballo, en Texcoco. Junto a la mesa de estos individuos se encontraban cinco mujeres, entre ellas la ahora detenida a quienes habr\u00edan invitado a convivir con ellos.<br><\/p>\n\n\n\n<p>Posteriormente la v\u00edctima y sus amigos, junto con las mujeres referidas se trasladaron a un hotel, en donde ellas habr\u00edan colocado gotas de una sustancia qu\u00edmica en las bebidas de los j\u00f3venes, quienes perdieron el conocimiento.<br><\/p>\n\n\n\n<p>Frida \u201cN\u201d y sus c\u00f3mplices aprovecharon esta situaci\u00f3n para robar las pertenencias de las v\u00edctimas y luego huyeron.<br><\/p>\n\n\n\n<p>Derivado de estos hechos uno de los hombres falleci\u00f3 a consecuencia de una intoxicaci\u00f3n por la sustancia colocada en su bebida.<br><\/p>\n\n\n\n<p>Fue iniciada la investigaci\u00f3n por este il\u00edcito y con los datos recabados por la Fiscal\u00eda mexiquense fue solicitada a un Juez librar orden de aprehensi\u00f3n en contra de la probable implicada. Polic\u00edas de Investigaci\u00f3n aprehendieron a esta persona y la pusieron a disposici\u00f3n de un Juez, quien determin\u00f3 vincularla a proceso.<br><\/p>\n\n\n\n<p>Por estos mismos hechos, en el mes de junio de 2021, la Fiscal\u00eda Edom\u00e9x obtuvo sentencia de condena de 56 a\u00f1os de prisi\u00f3n para Ilse Anayeli Hern\u00e1ndez Mendoza y Elizabeth Padilla Mej\u00eda, quienes tambi\u00e9n intervinieron en este robo con la agravante de causar la muerte.<\/p>\n","protected":false},"excerpt":{"rendered":"<p>Tras revisar los datos de prueba aportados por el Ministerio P\u00fablico de la FGJEM, el \u00d3rgano Jurisdiccional determin\u00f3 iniciar proceso legal en contra de esta persona. Frida \u201cN\u201d, investigada por su probable intervenci\u00f3n en el hecho delictivo de robo con la agravante de causar la muerte de un hombre en el municipio de Texcoco, fue [&hellip;]<\/p>\n","protected":false},"author":1,"featured_media":77147,"comment_status":"closed","ping_status":"closed","sticky":false,"template":"","format":"standard","meta":{"footnotes":""},"categories":[36,37],"tags":[],"class_list":["post-77146","post","type-post","status-publish","format-standard","has-post-thumbnail","hentry","category-edomex","category-justicia"],"_links":{"self":[{"href":"https:\/\/elinformante.mx\/index.php?rest_route=\/wp\/v2\/posts\/77146","targetHints":{"allow":["GET"]}}],"collection":[{"href":"https:\/\/elinformante.mx\/index.php?rest_route=\/wp\/v2\/posts"}],"about":[{"href":"https:\/\/elinformante.mx\/index.php?rest_route=\/wp\/v2\/types\/post"}],"author":[{"embeddable":true,"href":"https:\/\/elinformante.mx\/index.php?rest_route=\/wp\/v2\/users\/1"}],"replies":[{"embeddable":true,"href":"https:\/\/elinformante.mx\/index.php?rest_route=%2Fwp%2Fv2%2Fcomments&post=77146"}],"version-history":[{"count":0,"href":"https:\/\/elinformante.mx\/index.php?rest_route=\/wp\/v2\/posts\/77146\/revisions"}],"wp:featuredmedia":[{"embeddable":true,"href":"https:\/\/elinformante.mx\/index.php?rest_route=\/wp\/v2\/media\/77147"}],"wp:attachment":[{"href":"https:\/\/elinformante.mx\/index.php?rest_route=%2Fwp%2Fv2%2Fmedia&parent=77146"}],"wp:term":[{"taxonomy":"category","embeddable":true,"href":"https:\/\/elinformante.mx\/index.php?rest_route=%2Fwp%2Fv2%2Fcategories&post=77146"},{"taxonomy":"post_tag","embeddable":true,"href":"https:\/\/elinformante.mx\/index.php?rest_route=%2Fwp%2Fv2%2Ftags&post=77146"}],"curies":[{"name":"wp","href":"https:\/\/api.w.org\/{rel}","templated":true}]}}