{"id":77149,"date":"2025-03-04T06:04:43","date_gmt":"2025-03-04T12:04:43","guid":{"rendered":"https:\/\/elinformante.mx\/?p=77149"},"modified":"2025-03-04T06:04:46","modified_gmt":"2025-03-04T12:04:46","slug":"secuestro-a-una-nina-en-valle-de-chalco-y-lo-sentencian-a-70-anos-de-prision","status":"publish","type":"post","link":"https:\/\/elinformante.mx\/?p=77149","title":{"rendered":"Secuestr\u00f3 a una ni\u00f1a en Valle de Chalco y lo sentencian a 70 a\u00f1os de prisi\u00f3n"},"content":{"rendered":"\n<figure class=\"wp-block-pullquote\"><blockquote><p>La Fiscal\u00eda mexiquense ha obtenido condenas en contra seis sujetos m\u00e1s, que junto con el ahora sentenciado, participaron en este secuestro.<\/p><\/blockquote><\/figure>\n\n\n\n<p class=\"has-drop-cap\">La FGJEM obtuvo sentencia de condena de 70 a\u00f1os de prisi\u00f3n para Miguel Marco Res\u00e9ndiz Vargas, quien, en el a\u00f1o 2021, intervino en el secuestro de una menor de edad en esta regi\u00f3n de la entidad.<br><\/p>\n\n\n\n<p>Las pruebas recabadas fueron determinantes para que la Autoridad Judicial dictara esta sentencia de condena contra el responsable, adem\u00e1s le fij\u00f3 multa de 537 mil 720 pesos, as\u00ed como la cantidad de 500 mil pesos como reparaci\u00f3n del da\u00f1o moral y material, en tanto que suspendi\u00f3 sus derechos civiles y pol\u00edticos.<br><\/p>\n\n\n\n<p>El 17 de febrero de 2021, la v\u00edctima viajaba junto con sus padres a bordo de una motoneta en el municipio de Valle de Chalco y al encontrarse en calles de la colonia Ni\u00f1os H\u00e9roes fueron interceptados por tres tripulantes de un veh\u00edculo, entre ellos el ahora sentenciado.<br><\/p>\n\n\n\n<p>Los implicados amagaron con armas de fuego a los tripulantes de la motocicleta, para posteriormente someter a la menor de edad y subirla a un autom\u00f3vil, en el cual la trasladaron a un inmueble ubicado en el municipio de Chalco.<br><\/p>\n\n\n\n<p>Horas m\u00e1s tarde, familiares de la v\u00edctima recibieron llamadas telef\u00f3nicas mediante las cuales les exigieron dinero a cambio de liberarla. D\u00edas despu\u00e9s la v\u00edctima fue dejada en libertad en esa regi\u00f3n de la entidad, en tanto que las indagatorias por parte de esta Instituci\u00f3n continuaron, lo que deriv\u00f3 en la captura de este individuo.<br><\/p>\n\n\n\n<p>Miguel Marco Res\u00e9ndiz Vargas fue ingresado al Centro Penitenciario y de Reinserci\u00f3n Social de Chalco, a disposici\u00f3n del \u00d3rgano Jurisdiccional, quien, tras proceso legal, le dict\u00f3 esta sentencia de condena.<\/p>\n","protected":false},"excerpt":{"rendered":"<p>La Fiscal\u00eda mexiquense ha obtenido condenas en contra seis sujetos m\u00e1s, que junto con el ahora sentenciado, participaron en este secuestro. La FGJEM obtuvo sentencia de condena de 70 a\u00f1os de prisi\u00f3n para Miguel Marco Res\u00e9ndiz Vargas, quien, en el a\u00f1o 2021, intervino en el secuestro de una menor de edad en esta regi\u00f3n de [&hellip;]<\/p>\n","protected":false},"author":1,"featured_media":77150,"comment_status":"closed","ping_status":"closed","sticky":false,"template":"","format":"standard","meta":{"footnotes":""},"categories":[30,36,37],"tags":[],"class_list":["post-77149","post","type-post","status-publish","format-standard","has-post-thumbnail","hentry","category-destacado","category-edomex","category-justicia"],"_links":{"self":[{"href":"https:\/\/elinformante.mx\/index.php?rest_route=\/wp\/v2\/posts\/77149","targetHints":{"allow":["GET"]}}],"collection":[{"href":"https:\/\/elinformante.mx\/index.php?rest_route=\/wp\/v2\/posts"}],"about":[{"href":"https:\/\/elinformante.mx\/index.php?rest_route=\/wp\/v2\/types\/post"}],"author":[{"embeddable":true,"href":"https:\/\/elinformante.mx\/index.php?rest_route=\/wp\/v2\/users\/1"}],"replies":[{"embeddable":true,"href":"https:\/\/elinformante.mx\/index.php?rest_route=%2Fwp%2Fv2%2Fcomments&post=77149"}],"version-history":[{"count":0,"href":"https:\/\/elinformante.mx\/index.php?rest_route=\/wp\/v2\/posts\/77149\/revisions"}],"wp:featuredmedia":[{"embeddable":true,"href":"https:\/\/elinformante.mx\/index.php?rest_route=\/wp\/v2\/media\/77150"}],"wp:attachment":[{"href":"https:\/\/elinformante.mx\/index.php?rest_route=%2Fwp%2Fv2%2Fmedia&parent=77149"}],"wp:term":[{"taxonomy":"category","embeddable":true,"href":"https:\/\/elinformante.mx\/index.php?rest_route=%2Fwp%2Fv2%2Fcategories&post=77149"},{"taxonomy":"post_tag","embeddable":true,"href":"https:\/\/elinformante.mx\/index.php?rest_route=%2Fwp%2Fv2%2Ftags&post=77149"}],"curies":[{"name":"wp","href":"https:\/\/api.w.org\/{rel}","templated":true}]}}