{"id":77177,"date":"2025-03-04T06:55:04","date_gmt":"2025-03-04T12:55:04","guid":{"rendered":"https:\/\/elinformante.mx\/?p=77177"},"modified":"2025-03-04T06:55:08","modified_gmt":"2025-03-04T12:55:08","slug":"cuarto-informe-del-rector-barrera-diaz-uaemex-referente-de-excelencia-a-nivel-nacional-e-internacional-delfina-gomez","status":"publish","type":"post","link":"https:\/\/elinformante.mx\/?p=77177","title":{"rendered":"Cuarto Informe del Rector Barrera D\u00edaz\u2026 UAEM\u00e9x referente de excelencia a nivel nacional e internacional: Delfina G\u00f3mez"},"content":{"rendered":"\n<figure class=\"wp-block-pullquote\"><blockquote><p>La mandataria mexiquense encabez\u00f3 el cuarto informe de actividades del rector Carlos Eduardo Barrera D\u00edaz al frente de la Administraci\u00f3n 2021-2025 de la instituci\u00f3n educativa.<br>Barrera D\u00edaz afirm\u00f3 que la Aut\u00f3noma mexiquense est\u00e1 a la altura de las exigencias de su entorno presente y futuro, siempre con una visi\u00f3n humanista y de excelencia.<\/p><\/blockquote><\/figure>\n\n\n\n<p class=\"has-drop-cap\">La Universidad Aut\u00f3noma del Estado de M\u00e9xico (UAEM\u00e9x) est\u00e1 a la vanguardia en los \u00e1mbitos nacional e internacional, como dan cuenta todos los logros y avances sobre los que hoy se inform\u00f3, enfatiz\u00f3 la jefa del ejecutivo mexiquense, Delfina G\u00f3mez \u00c1lvarez, al encabezar el cuarto informe de actividades del rector Carlos Eduardo Barrera D\u00edaz al frente de la Administraci\u00f3n 2021-2025 de la instituci\u00f3n educativa.<br><\/p>\n\n\n\n<p>En este acto solemne, que se realiz\u00f3 en el Patio del Centenario del Edificio de Rector\u00eda de la Aut\u00f3noma mexiquense, se dieron cita la directora general de Educaci\u00f3n Superior Universitaria e Intercultural de la Secretar\u00eda de Educaci\u00f3n P\u00fablica, Leticia Jim\u00e9nez Zamora; el secretario general de Gobierno mexiquense, Horacio Duarte Olivares, y el presidente del Tribunal Superior de Justicia y del Consejo de la Judicatura del Poder Judicial del Estado de M\u00e9xico, Fernando D\u00edaz Ju\u00e1rez, el rector afirm\u00f3 que la Aut\u00f3noma mexiquense, con una basta tradici\u00f3n acad\u00e9mica y cient\u00edfica, est\u00e1 a la altura de las exigencias de su entorno presente y futuro, siempre con una visi\u00f3n humanista y de excelencia.<br><\/p>\n\n\n\n<p>Barrera D\u00edaz abund\u00f3 que las y los universitarios han hecho gala de su dinamismo, entrega y esfuerzo en torno al proyecto contenido en el Plan Rector de Desarrollo Institucional 2021-2025, periodo durante el cual se impulsa la excelencia educativa, respondiendo a las necesidades y exigencias sociales, \u201ccon lo cual damos respuesta a los principios fundamentales sobre los que se erige nuestra instituci\u00f3n, es decir, aquellos referentes a la educaci\u00f3n como palanca primordial del progreso y la concordia social\u201d.<br><\/p>\n\n\n\n<figure class=\"wp-block-image size-large\"><img fetchpriority=\"high\" decoding=\"async\" width=\"1024\" height=\"506\" src=\"https:\/\/elinformante.mx\/wp-content\/uploads\/2025\/03\/8RECTOR-3-1024x506.jpg\" alt=\"\" class=\"wp-image-77179\" srcset=\"https:\/\/elinformante.mx\/wp-content\/uploads\/2025\/03\/8RECTOR-3-1024x506.jpg 1024w, https:\/\/elinformante.mx\/wp-content\/uploads\/2025\/03\/8RECTOR-3-300x148.jpg 300w, https:\/\/elinformante.mx\/wp-content\/uploads\/2025\/03\/8RECTOR-3-768x379.jpg 768w, https:\/\/elinformante.mx\/wp-content\/uploads\/2025\/03\/8RECTOR-3.jpg 1140w\" sizes=\"(max-width: 1024px) 100vw, 1024px\" \/><\/figure>\n\n\n\n<p>Durante 2024, inform\u00f3, alcanzamos una matr\u00edcula hist\u00f3rica de 98 mil 331 estudiantes, entre los que se cuentan 24 mil 682 de bachillerato, as\u00ed como 69 mil 421 de estudios profesionales y 4 mil 228 de estudios avanzados.<br><\/p>\n\n\n\n<p>De igual manera, precis\u00f3 que el trabajo en torno a la excelencia educativa se ha visto refrendado en 2024, toda vez que de manera reiterada la instituci\u00f3n se coloca nuevamente en el primer lugar entre las universidades p\u00fablicas estatales del pa\u00eds, de acuerdo con THE Latin America University Rankings.<br><\/p>\n\n\n\n<p>Asimismo, Carlos Eduardo Barrera D\u00edaz inform\u00f3 que los Comit\u00e9s Interinstitucionales para la Evaluaci\u00f3n de la Educaci\u00f3n Superior (CIEES), reconocidos por la Secretar\u00eda de Educaci\u00f3n P\u00fablica, otorgaron a la UAEM\u00e9x, por primera vez en la historia, la acreditaci\u00f3n institucional por los siguientes cinco a\u00f1os.<br><\/p>\n\n\n\n<p>Carlos Barrera D\u00edaz, destac\u00f3 que en estos cuatro a\u00f1os de trabajo adem\u00e1s de lograr una matr\u00edcula hist\u00f3rica y ampliar la oferta educativa, se ha resarcido la deuda de la Universidad con el ISSEMYM, la cual disminuy\u00f3 88.6 por ciento del 2021 y 2024.<br><\/p>\n\n\n\n<figure class=\"wp-block-image size-large\"><img decoding=\"async\" width=\"1024\" height=\"506\" src=\"https:\/\/elinformante.mx\/wp-content\/uploads\/2025\/03\/8RECTOR-4-1024x506.jpg\" alt=\"\" class=\"wp-image-77180\" srcset=\"https:\/\/elinformante.mx\/wp-content\/uploads\/2025\/03\/8RECTOR-4-1024x506.jpg 1024w, https:\/\/elinformante.mx\/wp-content\/uploads\/2025\/03\/8RECTOR-4-300x148.jpg 300w, https:\/\/elinformante.mx\/wp-content\/uploads\/2025\/03\/8RECTOR-4-768x379.jpg 768w, https:\/\/elinformante.mx\/wp-content\/uploads\/2025\/03\/8RECTOR-4.jpg 1140w\" sizes=\"(max-width: 1024px) 100vw, 1024px\" \/><\/figure>\n\n\n\n<p>Delfina G\u00f3mez \u00c1lvarez felicit\u00f3 a la comunidad universitaria en su conjunto, pues, dijo, las metas sobre las que hoy se inform\u00f3 son resultado del esfuerzo de todas y todos ustedes, estudiantes, maestras, maestros, investigadoras, investigadores, administrativas, administrativos, directivas, directivos, madres y padres de familia. Todos aportan a la edificaci\u00f3n de esta gran obra colectiva.<br><\/p>\n\n\n\n<p>Esta obra, puntualiz\u00f3, es resultado del esfuerzo conjunto que ha guiado con profesionalismo, entrega y determinaci\u00f3n un hombre comprometido con la universidad, el rector Carlos Eduardo Barrera D\u00edaz. \u201cExpreso mi reconocimiento y agradecimiento por su compromiso en la lucha diaria por lograr que de nuestra universidad egresen profesionistas que respondan a los perfiles que nuestro estado requiere\u201d.<br><\/p>\n\n\n\n<p>Las metas alcanzadas por la comunidad de esta casa de estudios son resultado de un trabajo coordinado, vocaci\u00f3n y amor a la tarea educativa, asever\u00f3, al tiempo que refrend\u00f3 el compromiso del gobierno estatal \u201cpara hacer todo lo que est\u00e9 en nuestras manos para beneficio de esta universidad\u201d.<br><\/p>\n\n\n\n<figure class=\"wp-block-image size-large\"><img decoding=\"async\" width=\"1024\" height=\"506\" src=\"https:\/\/elinformante.mx\/wp-content\/uploads\/2025\/03\/8RECTOR-5-1024x506.jpg\" alt=\"\" class=\"wp-image-77181\" srcset=\"https:\/\/elinformante.mx\/wp-content\/uploads\/2025\/03\/8RECTOR-5-1024x506.jpg 1024w, https:\/\/elinformante.mx\/wp-content\/uploads\/2025\/03\/8RECTOR-5-300x148.jpg 300w, https:\/\/elinformante.mx\/wp-content\/uploads\/2025\/03\/8RECTOR-5-768x379.jpg 768w, https:\/\/elinformante.mx\/wp-content\/uploads\/2025\/03\/8RECTOR-5.jpg 1140w\" sizes=\"(max-width: 1024px) 100vw, 1024px\" \/><\/figure>\n\n\n\n<p>En este contexto, explic\u00f3 que el presupuesto y recursos que se asignaron a la UAEM\u00e9x son un reconocimiento al gran trabajo que realiza el equipo verde y oro, as\u00ed como el que realizan los integrantes del gabinete del Gobierno del Estado de M\u00e9xico, pero tambi\u00e9n los integrantes de las c\u00e1maras de diputados estatal y federal, as\u00ed como la c\u00e1mara de senadores, \u201cporque ellos son los que nos avalan y nos dan la confianza para poder asignar presupuesto a cada una de las \u00e1reas\u201d.<br><\/p>\n\n\n\n<p>La Mandataria estatal destac\u00f3 el trabajo del Rector de la m\u00e1xima casa de estudios mexiquense para ampliar la matr\u00edcula escolar a casi cien mil estudiantes, con una basta oferta educativa a trav\u00e9s de sus 85 planes de estudios, as\u00ed como su destacada plantilla de docentes e investigadores, elementos que le han valido el reconocimiento nacional e internacional.<br><\/p>\n\n\n\n<p>\u201cEs reconocida por el Ranking de Universidades de Am\u00e9rica Latina de Times Higher Educativos, al colocarla como la mejor Universidad p\u00fablica estatal de M\u00e9xico. Adem\u00e1s, el compromiso social de sus investigaciones se manifiesta en los 111 programas de posgrado y 72 diplomados superiores que ofrece\u201d, indic\u00f3 la Gobernadora Delfina G\u00f3mez \u00c1lvarez.<br><\/p>\n\n\n\n<figure class=\"wp-block-image size-large\"><img loading=\"lazy\" decoding=\"async\" width=\"1024\" height=\"506\" src=\"https:\/\/elinformante.mx\/wp-content\/uploads\/2025\/03\/8RECTOR-1024x506.jpg\" alt=\"\" class=\"wp-image-77182\" srcset=\"https:\/\/elinformante.mx\/wp-content\/uploads\/2025\/03\/8RECTOR-1024x506.jpg 1024w, https:\/\/elinformante.mx\/wp-content\/uploads\/2025\/03\/8RECTOR-300x148.jpg 300w, https:\/\/elinformante.mx\/wp-content\/uploads\/2025\/03\/8RECTOR-768x379.jpg 768w, https:\/\/elinformante.mx\/wp-content\/uploads\/2025\/03\/8RECTOR.jpg 1140w\" sizes=\"(max-width: 1024px) 100vw, 1024px\" \/><\/figure>\n\n\n\n<p>Subray\u00f3, la jefa del ejecutivo mexiquense, que se seguir\u00e1n escribiendo nuevas p\u00e1ginas brillantes en la historia de la Universidad Aut\u00f3noma del Estado de M\u00e9xico. Confi\u00f3, dijo, en que las y los universitarios mexiquenses seguir\u00e1n aportando su talento y capacidad, su entrega, visi\u00f3n y compromiso social para hacer de la educaci\u00f3n p\u00fablica superior mexiquense un referente de excelencia a nivel nacional e internacional.<br><\/p>\n\n\n\n<p>Finalmente, dijo, \u201ccomo advirti\u00f3 el poeta de Toluca, Horacio Z\u00fa\u00f1iga, este centro de ense\u00f1anza superior es de todos, es de la patria chica y de la patria grande, y todos estamos obligados a defender su prestigio y acrecentar su gloria. \u00a1Viva la Universidad Aut\u00f3noma del Estado de M\u00e9xico!, \u00a1Viva la UAEM\u00e9x!\u201d.<br><\/p>\n\n\n\n<p>Cabe destacar tambi\u00e9n la presencia en este evento del diputado Rigoberto Vargas Cervantes, en representaci\u00f3n del presidente de la Junta de Coordinaci\u00f3n Pol\u00edtica de la Legislatura local; la diputada del Distrito 34 Toluca, M\u00f3nica \u00c1lvarez Nemer; la diputada Paola Jim\u00e9nez Hern\u00e1ndez; el presidente municipal de Toluca, Ricardo Moreno Bastida, y la Senadora de la Rep\u00fablica por el Estado de M\u00e9xico, Mariela Guti\u00e9rrez Escalante. \u201cAgradezco a nuestra C\u00e1mara de Diputados tanto federal como estatal, porque ellos son los que nos avalan y nos dan la confianza de poder asignar presupuesto en cada una de las \u00e1reas\u201d, indic\u00f3 la Gobernadora Delfina G\u00f3mez \u00c1lvarez.<br><\/p>\n\n\n\n<p>Ante la comunidad universitaria, la Maestra Delfina G\u00f3mez \u00c1lvarez se\u00f1al\u00f3 que la educaci\u00f3n es esencial para la transformaci\u00f3n del Estado de M\u00e9xico y debe estar al alcance de todos, por ello, con la finalidad de ampliar las oportunidades y abrirle paso a la igualdad social impuls\u00f3 una reforma a la Ley de Educaci\u00f3n para apoyar a los grupos vulnerables.<\/p>\n\n\n\n<p><\/p>\n","protected":false},"excerpt":{"rendered":"<p>La mandataria mexiquense encabez\u00f3 el cuarto informe de actividades del rector Carlos Eduardo Barrera D\u00edaz al frente de la Administraci\u00f3n 2021-2025 de la instituci\u00f3n educativa.Barrera D\u00edaz afirm\u00f3 que la Aut\u00f3noma mexiquense est\u00e1 a la altura de las exigencias de su entorno presente y futuro, siempre con una visi\u00f3n humanista y de excelencia. La Universidad Aut\u00f3noma [&hellip;]<\/p>\n","protected":false},"author":1,"featured_media":77178,"comment_status":"closed","ping_status":"closed","sticky":false,"template":"","format":"standard","meta":{"footnotes":""},"categories":[30,36,31],"tags":[46],"class_list":["post-77177","post","type-post","status-publish","format-standard","has-post-thumbnail","hentry","category-destacado","category-edomex","category-portada","tag-portadaedomex"],"_links":{"self":[{"href":"https:\/\/elinformante.mx\/index.php?rest_route=\/wp\/v2\/posts\/77177","targetHints":{"allow":["GET"]}}],"collection":[{"href":"https:\/\/elinformante.mx\/index.php?rest_route=\/wp\/v2\/posts"}],"about":[{"href":"https:\/\/elinformante.mx\/index.php?rest_route=\/wp\/v2\/types\/post"}],"author":[{"embeddable":true,"href":"https:\/\/elinformante.mx\/index.php?rest_route=\/wp\/v2\/users\/1"}],"replies":[{"embeddable":true,"href":"https:\/\/elinformante.mx\/index.php?rest_route=%2Fwp%2Fv2%2Fcomments&post=77177"}],"version-history":[{"count":0,"href":"https:\/\/elinformante.mx\/index.php?rest_route=\/wp\/v2\/posts\/77177\/revisions"}],"wp:featuredmedia":[{"embeddable":true,"href":"https:\/\/elinformante.mx\/index.php?rest_route=\/wp\/v2\/media\/77178"}],"wp:attachment":[{"href":"https:\/\/elinformante.mx\/index.php?rest_route=%2Fwp%2Fv2%2Fmedia&parent=77177"}],"wp:term":[{"taxonomy":"category","embeddable":true,"href":"https:\/\/elinformante.mx\/index.php?rest_route=%2Fwp%2Fv2%2Fcategories&post=77177"},{"taxonomy":"post_tag","embeddable":true,"href":"https:\/\/elinformante.mx\/index.php?rest_route=%2Fwp%2Fv2%2Ftags&post=77177"}],"curies":[{"name":"wp","href":"https:\/\/api.w.org\/{rel}","templated":true}]}}