{"id":77184,"date":"2025-03-04T06:57:52","date_gmt":"2025-03-04T12:57:52","guid":{"rendered":"https:\/\/elinformante.mx\/?p=77184"},"modified":"2025-03-04T06:57:54","modified_gmt":"2025-03-04T12:57:54","slug":"estrenan-patrullas-en-la-alcaldia-gustavo-a-madero","status":"publish","type":"post","link":"https:\/\/elinformante.mx\/?p=77184","title":{"rendered":"Estrenan patrullas en la alcald\u00eda Gustavo A. Madero"},"content":{"rendered":"\n<figure class=\"wp-block-pullquote\"><blockquote><p>El alcalde Janecarlo Lozano entreg\u00f3 15 patrullas para reforzar la seguridad y combatir la delincuencia sin tregua<\/p><\/blockquote><\/figure>\n\n\n\n<p class=\"has-drop-cap\">El alcalde de Gustavo A Madero, Janecarlo Lozano Reynoso, hizo entrega de 15 nuevas patrullas de reacci\u00f3n inmediata con el objetivo de mejorar la seguridad en la demarcaci\u00f3n y brindar mayor protecci\u00f3n a las familias.<br><\/p>\n\n\n\n<p>Lozano Reynoso dej\u00f3 en claro que proteger a nuestra gente no es opci\u00f3n, es un deber que tenemos desde que llegamos.<br><\/p>\n\n\n\n<p>Esta adquisici\u00f3n es un paso firme y claro, pero sobre todo contundente, en la lucha por la seguridad de los maderenses, toda vez que tiene claro que nada es m\u00e1s importante que la vida, el patrimonio y la tranquilidad de los que aqu\u00ed vivimos.<br><\/p>\n\n\n\n<p>Agreg\u00f3 que estas patrullas estar\u00e1n en las calles de la demarcaci\u00f3n para cuidar a nuestras familias, proteger sus hogares y hacerles frente a quienes amenazan la paz de nuestra alcald\u00eda.<br><\/p>\n\n\n\n<p>Record\u00f3 que esta es la segunda entrega de unidades, y es que la primera fue en diciembre pasado cuando se adquirieron 35 veh\u00edculos de seguridad.<br><\/p>\n\n\n\n<figure class=\"wp-block-image size-large\"><img fetchpriority=\"high\" decoding=\"async\" width=\"1024\" height=\"506\" src=\"https:\/\/elinformante.mx\/wp-content\/uploads\/2025\/03\/6entrega-1024x506.jpg\" alt=\"\" class=\"wp-image-77186\" srcset=\"https:\/\/elinformante.mx\/wp-content\/uploads\/2025\/03\/6entrega-1024x506.jpg 1024w, https:\/\/elinformante.mx\/wp-content\/uploads\/2025\/03\/6entrega-300x148.jpg 300w, https:\/\/elinformante.mx\/wp-content\/uploads\/2025\/03\/6entrega-768x379.jpg 768w, https:\/\/elinformante.mx\/wp-content\/uploads\/2025\/03\/6entrega.jpg 1140w\" sizes=\"(max-width: 1024px) 100vw, 1024px\" \/><\/figure>\n\n\n\n<p>Por lo que, en total hay 50 patrullas nuevas salvaguardando la integridad de quienes viven y transitan por la Gustavo A Madero.<br><\/p>\n\n\n\n<p>Mencion\u00f3 que la administraci\u00f3n anterior s\u00f3lo le dej\u00f3 15 patrullas para cuidar a un mill\u00f3n 100 mil habitantes, lo que es insuficiente y por ello ha comenzado con cambios en materia de seguridad.<br><\/p>\n\n\n\n<p>Reconoci\u00f3 que a\u00fan con la gran entrega que hemos hecho hace tres meses y hoy siguen siendo insuficientes, pero estamos avanzando muy r\u00e1pido para cumplir en cada colonia de cada uno de ustedes.<br><\/p>\n\n\n\n<p>Inform\u00f3 que la jefa de gobierno, Clara Brugada les ha dicho que los alcaldes ya no pueden decir que no les toca la seguridad, sino que tienen que tienen que hacerle frente a los delincuentes y deben apropiarse de las tareas de seguridad.<br><\/p>\n\n\n\n<p>\u201cEn GAM decimos la seguridad si nos toca, la tranquilidad de sus familias si nos toca y es por eso que desde aqu\u00ed estamos dando pasos agigantados\u2026 quien busca hacerle da\u00f1o a nuestras familias se va a topar con una polic\u00eda equipada, preparada y lista para defenderlas, a quien se atreva a desafiar la tranquilidad de nuestra alcald\u00eda se va a topar cara a cara con su alcalde, porque aqu\u00ed no nos escondemos, no miramos hacia otro lado, no nos quedamos de brazos cruzados, aqu\u00ed damos la batalla, codo a codo\u201d, destac\u00f3.<br><\/p>\n\n\n\n<p>Al evento acudieron el comisionado de seguridad de Gustavo A Madero, Abraham Borden; el representante de la jefa de gobierno y director del C5, Salvador Guerrero Chipres; y los diputados locales: Yuriri Ayala, Diana Barrag\u00e1n, Alberto Mart\u00ednez Urincho y Ana Buend\u00eda.<\/p>\n","protected":false},"excerpt":{"rendered":"<p>El alcalde Janecarlo Lozano entreg\u00f3 15 patrullas para reforzar la seguridad y combatir la delincuencia sin tregua El alcalde de Gustavo A Madero, Janecarlo Lozano Reynoso, hizo entrega de 15 nuevas patrullas de reacci\u00f3n inmediata con el objetivo de mejorar la seguridad en la demarcaci\u00f3n y brindar mayor protecci\u00f3n a las familias. Lozano Reynoso dej\u00f3 [&hellip;]<\/p>\n","protected":false},"author":1,"featured_media":77185,"comment_status":"closed","ping_status":"closed","sticky":false,"template":"","format":"standard","meta":{"footnotes":""},"categories":[35],"tags":[],"class_list":["post-77184","post","type-post","status-publish","format-standard","has-post-thumbnail","hentry","category-cdmx"],"_links":{"self":[{"href":"https:\/\/elinformante.mx\/index.php?rest_route=\/wp\/v2\/posts\/77184","targetHints":{"allow":["GET"]}}],"collection":[{"href":"https:\/\/elinformante.mx\/index.php?rest_route=\/wp\/v2\/posts"}],"about":[{"href":"https:\/\/elinformante.mx\/index.php?rest_route=\/wp\/v2\/types\/post"}],"author":[{"embeddable":true,"href":"https:\/\/elinformante.mx\/index.php?rest_route=\/wp\/v2\/users\/1"}],"replies":[{"embeddable":true,"href":"https:\/\/elinformante.mx\/index.php?rest_route=%2Fwp%2Fv2%2Fcomments&post=77184"}],"version-history":[{"count":0,"href":"https:\/\/elinformante.mx\/index.php?rest_route=\/wp\/v2\/posts\/77184\/revisions"}],"wp:featuredmedia":[{"embeddable":true,"href":"https:\/\/elinformante.mx\/index.php?rest_route=\/wp\/v2\/media\/77185"}],"wp:attachment":[{"href":"https:\/\/elinformante.mx\/index.php?rest_route=%2Fwp%2Fv2%2Fmedia&parent=77184"}],"wp:term":[{"taxonomy":"category","embeddable":true,"href":"https:\/\/elinformante.mx\/index.php?rest_route=%2Fwp%2Fv2%2Fcategories&post=77184"},{"taxonomy":"post_tag","embeddable":true,"href":"https:\/\/elinformante.mx\/index.php?rest_route=%2Fwp%2Fv2%2Ftags&post=77184"}],"curies":[{"name":"wp","href":"https:\/\/api.w.org\/{rel}","templated":true}]}}