{"id":77188,"date":"2025-03-04T07:02:43","date_gmt":"2025-03-04T13:02:43","guid":{"rendered":"https:\/\/elinformante.mx\/?p=77188"},"modified":"2025-03-04T07:02:56","modified_gmt":"2025-03-04T13:02:56","slug":"impondran-ley-seca-en-la-alcaldia-magdalena-contreras","status":"publish","type":"post","link":"https:\/\/elinformante.mx\/?p=77188","title":{"rendered":"Impondr\u00e1n ley seca en la alcald\u00eda Magdalena Contreras"},"content":{"rendered":"\n<figure class=\"wp-block-pullquote\"><blockquote><p>La medida aplicar\u00e1 para todos los establecimientos mercantiles, incluyendo vinater\u00edas, tiendas de abarrotes, supermercados, tiendas de autoservicio, tiendas departamentales e incluso el servicio a domicilio.<\/p><\/blockquote><\/figure>\n\n\n\n<p class=\"has-drop-cap\">Este fin de semana en la alcald\u00eda Magdalena Contreras ha anunciado que impondr\u00e1 ley seca. As\u00ed lo anunciaron en la Gaceta Oficial de la Ciudad de M\u00e9xico que dio a conocer hoy el acuerdo que establece la suspensi\u00f3n de la venta de bebidas alcoh\u00f3licas en todas sus graduaciones.<br><\/p>\n\n\n\n<p>La medida aplicar\u00e1 para todos los establecimientos mercantiles, incluyendo vinater\u00edas, tiendas de abarrotes, supermercados, tiendas de autoservicio, tiendas departamentales e incluso el servicio a domicilio.<br><\/p>\n\n\n\n<p>Esto, debido a que se\u00f1alan que la venta de bebidas alcoh\u00f3licas es una actividad de alto impacto social que podr\u00eda traer consecuencias negativas para la seguridad p\u00fablica y alterar el orden.<br><\/p>\n\n\n\n<p>La ley seca se aplicar\u00e1 en la colonia Atacaxco, ubicada en la alcald\u00eda La Magdalena Contreras, en la Ciudad de M\u00e9xico, con motivo de la \u201cFestividad de San Jos\u00e9 de los Dinamos\u201d. La ley seca estar\u00e1 vigente desde las 00:00 horas del s\u00e1bado 8 de marzo hasta las 23:59 horas del domingo 9 de marzo.<br><\/p>\n\n\n\n<p>Inicio: 00:00 horas del s\u00e1bado 8 de marzo de 2025.<br><\/p>\n\n\n\n<p>Fin: 23:59 horas del domingo 9 de marzo de 2025.<br><\/p>\n\n\n\n<p>Si vives en esa colonia o planeas acudir para celebrar la festividad de San Jos\u00e9 de los Dinamos este fin de semana, toma tus precauciones.<br><\/p>\n\n\n\n<p>La suspensi\u00f3n de actividades abarca la venta de bebidas alcoh\u00f3licas en todas sus graduaciones en:<br><\/p>\n\n\n\n<p>Vinater\u00edas, tiendas de abarrotes, supermercados con licencia para venta de vinos y licores, tiendas de autoservicio, tiendas departamentales, establecimientos temporales, cualquier otro similar que expenda bebidas alcoh\u00f3licas<br><\/p>\n\n\n\n<p>Tambi\u00e9n se incluye la prohibici\u00f3n del servicio a domicilio que comercialice u obsequie alcohol.<br><\/p>\n\n\n\n<p>Las autoridades advierten que quienes incumplan el acuerdo ser\u00e1n remitidos al Juzgado C\u00edvico correspondiente y podr\u00edan enfrentar sanciones seg\u00fan la Ley de Establecimientos Mercantiles, la Ley de Cultura C\u00edvica y la Ley de Verificaci\u00f3n Administrativa de la Ciudad de M\u00e9xico.<br><\/p>\n\n\n\n<p>Las autoridades suelen considerar la prohibici\u00f3n de la venta de alcohol, o \u201cley seca\u201d, como una medida eficiente por varias razones, especialmente en el contexto de eventos masivos o festividades:<br><\/p>\n\n\n\n<p>Reducci\u00f3n de la violencia y el desorden p\u00fablico, prevenci\u00f3n de accidentes, mantenimiento del orden durante eventos, preservaci\u00f3n de la esencia de celebraciones tradicionales.<\/p>\n","protected":false},"excerpt":{"rendered":"<p>La medida aplicar\u00e1 para todos los establecimientos mercantiles, incluyendo vinater\u00edas, tiendas de abarrotes, supermercados, tiendas de autoservicio, tiendas departamentales e incluso el servicio a domicilio. Este fin de semana en la alcald\u00eda Magdalena Contreras ha anunciado que impondr\u00e1 ley seca. As\u00ed lo anunciaron en la Gaceta Oficial de la Ciudad de M\u00e9xico que dio a [&hellip;]<\/p>\n","protected":false},"author":1,"featured_media":77189,"comment_status":"closed","ping_status":"closed","sticky":false,"template":"","format":"standard","meta":{"footnotes":""},"categories":[35,30],"tags":[],"class_list":["post-77188","post","type-post","status-publish","format-standard","has-post-thumbnail","hentry","category-cdmx","category-destacado"],"_links":{"self":[{"href":"https:\/\/elinformante.mx\/index.php?rest_route=\/wp\/v2\/posts\/77188","targetHints":{"allow":["GET"]}}],"collection":[{"href":"https:\/\/elinformante.mx\/index.php?rest_route=\/wp\/v2\/posts"}],"about":[{"href":"https:\/\/elinformante.mx\/index.php?rest_route=\/wp\/v2\/types\/post"}],"author":[{"embeddable":true,"href":"https:\/\/elinformante.mx\/index.php?rest_route=\/wp\/v2\/users\/1"}],"replies":[{"embeddable":true,"href":"https:\/\/elinformante.mx\/index.php?rest_route=%2Fwp%2Fv2%2Fcomments&post=77188"}],"version-history":[{"count":0,"href":"https:\/\/elinformante.mx\/index.php?rest_route=\/wp\/v2\/posts\/77188\/revisions"}],"wp:featuredmedia":[{"embeddable":true,"href":"https:\/\/elinformante.mx\/index.php?rest_route=\/wp\/v2\/media\/77189"}],"wp:attachment":[{"href":"https:\/\/elinformante.mx\/index.php?rest_route=%2Fwp%2Fv2%2Fmedia&parent=77188"}],"wp:term":[{"taxonomy":"category","embeddable":true,"href":"https:\/\/elinformante.mx\/index.php?rest_route=%2Fwp%2Fv2%2Fcategories&post=77188"},{"taxonomy":"post_tag","embeddable":true,"href":"https:\/\/elinformante.mx\/index.php?rest_route=%2Fwp%2Fv2%2Ftags&post=77188"}],"curies":[{"name":"wp","href":"https:\/\/api.w.org\/{rel}","templated":true}]}}