{"id":77217,"date":"2025-03-04T07:29:58","date_gmt":"2025-03-04T13:29:58","guid":{"rendered":"https:\/\/elinformante.mx\/?p=77217"},"modified":"2025-03-04T07:30:02","modified_gmt":"2025-03-04T13:30:02","slug":"aranceles-para-mexico-del-25-a-partir-de-hoy","status":"publish","type":"post","link":"https:\/\/elinformante.mx\/?p=77217","title":{"rendered":"ARANCELES PARA M\u00c9XICO DEL 25% A PARTIR DE HOY"},"content":{"rendered":"\n<figure class=\"wp-block-pullquote\"><blockquote><p>\u201cNo hay margen para M\u00e9xico ni para Canad\u00e1, no. Los aranceles est\u00e1n listos y entran en vigor ma\u00f1ana\u201d.<\/p><\/blockquote><\/figure>\n\n\n\n<p class=\"has-drop-cap\">As\u00ed lo afirm\u00f3 el presidente Donald Trump, que M\u00e9xico y Canad\u00e1 no tienen margen de negociaci\u00f3n para evitar los aranceles del 25% que tiene previsto aplicar a partir de este martes a los productos que esos dos pa\u00edses exportan a Estados Unidos.<br><\/p>\n\n\n\n<figure class=\"wp-block-image size-large\"><img fetchpriority=\"high\" decoding=\"async\" width=\"1024\" height=\"506\" src=\"https:\/\/elinformante.mx\/wp-content\/uploads\/2025\/03\/9ES-HOY-1024x506.jpg\" alt=\"\" class=\"wp-image-77219\" srcset=\"https:\/\/elinformante.mx\/wp-content\/uploads\/2025\/03\/9ES-HOY-1024x506.jpg 1024w, https:\/\/elinformante.mx\/wp-content\/uploads\/2025\/03\/9ES-HOY-300x148.jpg 300w, https:\/\/elinformante.mx\/wp-content\/uploads\/2025\/03\/9ES-HOY-768x379.jpg 768w, https:\/\/elinformante.mx\/wp-content\/uploads\/2025\/03\/9ES-HOY.jpg 1140w\" sizes=\"(max-width: 1024px) 100vw, 1024px\" \/><\/figure>\n\n\n\n<p>\u201cNo hay margen para M\u00e9xico ni para Canad\u00e1, no. Los aranceles est\u00e1n listos y entran en vigor ma\u00f1ana\u201d.<br><\/p>\n\n\n\n<p>El mandatario tambi\u00e9n explic\u00f3 que, a partir de hoy, entrar\u00e1 en vigor un arancel adicional del 10% sobre las importaciones chinas, que se sumar\u00e1 al 10% ya aplicado el 4 de febrero, elevando as\u00ed la carga arancelaria al 20% sobre esos productos.<br><\/p>\n\n\n\n<figure class=\"wp-block-image size-large\"><img decoding=\"async\" width=\"1024\" height=\"506\" src=\"https:\/\/elinformante.mx\/wp-content\/uploads\/2025\/03\/9ES-HOY-2-1024x506.jpg\" alt=\"\" class=\"wp-image-77220\" srcset=\"https:\/\/elinformante.mx\/wp-content\/uploads\/2025\/03\/9ES-HOY-2-1024x506.jpg 1024w, https:\/\/elinformante.mx\/wp-content\/uploads\/2025\/03\/9ES-HOY-2-300x148.jpg 300w, https:\/\/elinformante.mx\/wp-content\/uploads\/2025\/03\/9ES-HOY-2-768x379.jpg 768w, https:\/\/elinformante.mx\/wp-content\/uploads\/2025\/03\/9ES-HOY-2.jpg 1140w\" sizes=\"(max-width: 1024px) 100vw, 1024px\" \/><\/figure>\n\n\n\n<p>Estas medidas contra China se suman a los grav\u00e1menes impuestos durante el primer mandato de Trump (2017-2021) sobre m\u00e1s de 300 mil millones de d\u00f3lares en productos chinos, la mayor\u00eda de los cuales siguen vigentes.<br><\/p>\n\n\n\n<p>Como justificaci\u00f3n para seguir adelante con la imposici\u00f3n de aranceles, Trump cit\u00f3 el tr\u00e1fico de fentanilo, un potente opi\u00e1ceo responsable de miles de muertes al a\u00f1o en Estados Unidos.<br><\/p>\n\n\n\n<figure class=\"wp-block-image size-large\"><img decoding=\"async\" width=\"1024\" height=\"506\" src=\"https:\/\/elinformante.mx\/wp-content\/uploads\/2025\/03\/9ES-HOY-3-1024x506.jpg\" alt=\"\" class=\"wp-image-77221\" srcset=\"https:\/\/elinformante.mx\/wp-content\/uploads\/2025\/03\/9ES-HOY-3-1024x506.jpg 1024w, https:\/\/elinformante.mx\/wp-content\/uploads\/2025\/03\/9ES-HOY-3-300x148.jpg 300w, https:\/\/elinformante.mx\/wp-content\/uploads\/2025\/03\/9ES-HOY-3-768x379.jpg 768w, https:\/\/elinformante.mx\/wp-content\/uploads\/2025\/03\/9ES-HOY-3.jpg 1140w\" sizes=\"(max-width: 1024px) 100vw, 1024px\" \/><\/figure>\n\n\n\n<p>Asegur\u00f3 que los aranceles beneficiar\u00e1n a la manufactura estadounidense, especialmente al sector del autom\u00f3vil, que se vio perjudicado por el traslado de empleos a otros pa\u00edses con la entrada en vigor de acuerdos comerciales como el Tratado de Libre Comercio de Am\u00e9rica del Norte (TLCAN) durante la d\u00e9cada de los 90.<br><\/p>\n\n\n\n<p>Las declaraciones del presidente se producen despu\u00e9s de que su secretario de Comercio, Howard Lutnick, indicara en una entrevista con CNN que Trump a\u00fan deb\u00eda tomar una decisi\u00f3n final sobre los aranceles a M\u00e9xico y Canad\u00e1.<br><\/p>\n\n\n\n<figure class=\"wp-block-image size-large\"><img loading=\"lazy\" decoding=\"async\" width=\"1024\" height=\"506\" src=\"https:\/\/elinformante.mx\/wp-content\/uploads\/2025\/03\/9ES-HOY-4-1024x506.jpg\" alt=\"\" class=\"wp-image-77222\" srcset=\"https:\/\/elinformante.mx\/wp-content\/uploads\/2025\/03\/9ES-HOY-4-1024x506.jpg 1024w, https:\/\/elinformante.mx\/wp-content\/uploads\/2025\/03\/9ES-HOY-4-300x148.jpg 300w, https:\/\/elinformante.mx\/wp-content\/uploads\/2025\/03\/9ES-HOY-4-768x379.jpg 768w, https:\/\/elinformante.mx\/wp-content\/uploads\/2025\/03\/9ES-HOY-4.jpg 1140w\" sizes=\"(max-width: 1024px) 100vw, 1024px\" \/><\/figure>\n\n\n\n<p>Inicialmente, Trump hab\u00eda amenazado con imponer estos aranceles el 4 de febrero, pero decidi\u00f3 posponer su aplicaci\u00f3n durante un mes despu\u00e9s de que M\u00e9xico se comprometiera a desplegar 10.000 miembros de la Guardia Nacional en la frontera con Estados Unidos y Canad\u00e1 anunciara el nombramiento de un \u2018zar del fentanilo\u2019, entre otras medidas.<br><\/p>\n\n\n\n<p>Delegaciones de Canad\u00e1 y M\u00e9xico se reunieron con miembros del equipo de Trump para discutir sus esfuerzos para aumentar la seguridad fronteriza y recudir el tr\u00e1fico de fentanilo, tal como hab\u00eda exigido el mandatario. Sin embargo, esas negociaciones no han dado resultado.<\/p>\n","protected":false},"excerpt":{"rendered":"<p>\u201cNo hay margen para M\u00e9xico ni para Canad\u00e1, no. Los aranceles est\u00e1n listos y entran en vigor ma\u00f1ana\u201d. As\u00ed lo afirm\u00f3 el presidente Donald Trump, que M\u00e9xico y Canad\u00e1 no tienen margen de negociaci\u00f3n para evitar los aranceles del 25% que tiene previsto aplicar a partir de este martes a los productos que esos dos [&hellip;]<\/p>\n","protected":false},"author":1,"featured_media":77218,"comment_status":"closed","ping_status":"closed","sticky":false,"template":"","format":"standard","meta":{"footnotes":""},"categories":[30,34,31],"tags":[47],"class_list":["post-77217","post","type-post","status-publish","format-standard","has-post-thumbnail","hentry","category-destacado","category-nacional","category-portada","tag-portadanacional"],"_links":{"self":[{"href":"https:\/\/elinformante.mx\/index.php?rest_route=\/wp\/v2\/posts\/77217","targetHints":{"allow":["GET"]}}],"collection":[{"href":"https:\/\/elinformante.mx\/index.php?rest_route=\/wp\/v2\/posts"}],"about":[{"href":"https:\/\/elinformante.mx\/index.php?rest_route=\/wp\/v2\/types\/post"}],"author":[{"embeddable":true,"href":"https:\/\/elinformante.mx\/index.php?rest_route=\/wp\/v2\/users\/1"}],"replies":[{"embeddable":true,"href":"https:\/\/elinformante.mx\/index.php?rest_route=%2Fwp%2Fv2%2Fcomments&post=77217"}],"version-history":[{"count":0,"href":"https:\/\/elinformante.mx\/index.php?rest_route=\/wp\/v2\/posts\/77217\/revisions"}],"wp:featuredmedia":[{"embeddable":true,"href":"https:\/\/elinformante.mx\/index.php?rest_route=\/wp\/v2\/media\/77218"}],"wp:attachment":[{"href":"https:\/\/elinformante.mx\/index.php?rest_route=%2Fwp%2Fv2%2Fmedia&parent=77217"}],"wp:term":[{"taxonomy":"category","embeddable":true,"href":"https:\/\/elinformante.mx\/index.php?rest_route=%2Fwp%2Fv2%2Fcategories&post=77217"},{"taxonomy":"post_tag","embeddable":true,"href":"https:\/\/elinformante.mx\/index.php?rest_route=%2Fwp%2Fv2%2Ftags&post=77217"}],"curies":[{"name":"wp","href":"https:\/\/api.w.org\/{rel}","templated":true}]}}