{"id":77227,"date":"2025-03-04T16:53:12","date_gmt":"2025-03-04T22:53:12","guid":{"rendered":"https:\/\/elinformante.mx\/?p=77227"},"modified":"2025-03-04T16:53:14","modified_gmt":"2025-03-04T22:53:14","slug":"sheinbaum-invita-a-todos-al-zocalo-para-anunciar-medidas-ante-aranceles","status":"publish","type":"post","link":"https:\/\/elinformante.mx\/?p=77227","title":{"rendered":"\u00a0SHEINBAUM INVITA A TODOS AL Z\u00d3CALO, PARA ANUNCIAR MEDIDAS ANTE ARANCELES"},"content":{"rendered":"\n<p>En la ma\u00f1anera de este d\u00eda, la presidenta de M\u00e9xico, Claudia Sheinbaum Pardo, inform\u00f3 que invit\u00f3 a todas las y los gobernadores\u00a0 a la concentraci\u00f3n en el Z\u00f3calo de la CDMX del pr\u00f3ximo domingo en donde se va\u00a0 a dar conocer el plan tras la imposici\u00f3n del 25% de aranceles a productos mexicanos por parte de Estados Unidos.<br><\/p>\n\n\n\n<p>\u00a0Sheinbaum dijo que independientemente de que se pudieran suspender los aranceles en la llamada que sostendr\u00e1 este jueves con el presidente Donald J. Trump, es necesario reunirse con la poblaci\u00f3n para informar sobre esta situaci\u00f3n.<br><\/p>\n","protected":false},"excerpt":{"rendered":"<p>En la ma\u00f1anera de este d\u00eda, la presidenta de M\u00e9xico, Claudia Sheinbaum Pardo, inform\u00f3 que invit\u00f3 a todas las y los gobernadores\u00a0 a la concentraci\u00f3n en el Z\u00f3calo de la CDMX del pr\u00f3ximo domingo en donde se va\u00a0 a dar conocer el plan tras la imposici\u00f3n del 25% de aranceles a productos mexicanos por parte [&hellip;]<\/p>\n","protected":false},"author":2,"featured_media":77228,"comment_status":"closed","ping_status":"closed","sticky":false,"template":"","format":"standard","meta":{"footnotes":""},"categories":[34],"tags":[],"class_list":["post-77227","post","type-post","status-publish","format-standard","has-post-thumbnail","hentry","category-nacional"],"_links":{"self":[{"href":"https:\/\/elinformante.mx\/index.php?rest_route=\/wp\/v2\/posts\/77227","targetHints":{"allow":["GET"]}}],"collection":[{"href":"https:\/\/elinformante.mx\/index.php?rest_route=\/wp\/v2\/posts"}],"about":[{"href":"https:\/\/elinformante.mx\/index.php?rest_route=\/wp\/v2\/types\/post"}],"author":[{"embeddable":true,"href":"https:\/\/elinformante.mx\/index.php?rest_route=\/wp\/v2\/users\/2"}],"replies":[{"embeddable":true,"href":"https:\/\/elinformante.mx\/index.php?rest_route=%2Fwp%2Fv2%2Fcomments&post=77227"}],"version-history":[{"count":0,"href":"https:\/\/elinformante.mx\/index.php?rest_route=\/wp\/v2\/posts\/77227\/revisions"}],"wp:featuredmedia":[{"embeddable":true,"href":"https:\/\/elinformante.mx\/index.php?rest_route=\/wp\/v2\/media\/77228"}],"wp:attachment":[{"href":"https:\/\/elinformante.mx\/index.php?rest_route=%2Fwp%2Fv2%2Fmedia&parent=77227"}],"wp:term":[{"taxonomy":"category","embeddable":true,"href":"https:\/\/elinformante.mx\/index.php?rest_route=%2Fwp%2Fv2%2Fcategories&post=77227"},{"taxonomy":"post_tag","embeddable":true,"href":"https:\/\/elinformante.mx\/index.php?rest_route=%2Fwp%2Fv2%2Ftags&post=77227"}],"curies":[{"name":"wp","href":"https:\/\/api.w.org\/{rel}","templated":true}]}}