{"id":77230,"date":"2025-03-04T16:55:19","date_gmt":"2025-03-04T22:55:19","guid":{"rendered":"https:\/\/elinformante.mx\/?p=77230"},"modified":"2025-03-04T16:55:21","modified_gmt":"2025-03-04T22:55:21","slug":"marko-cortes-rechaza-convocatoria-en-el-zocalo","status":"publish","type":"post","link":"https:\/\/elinformante.mx\/?p=77230","title":{"rendered":"MARKO CORT\u00c9S RECHAZA CONVOCATORIA EN EL Z\u00d3CALO"},"content":{"rendered":"\n<p>\u00a0El senador del PAN, Marko Cort\u00e9s, afirm\u00f3 que convocar al Z\u00f3calo de CDMX no resolver\u00e1 el conflicto por los aranceles de EU.<br><\/p>\n\n\n\n<p>Cort\u00e9s pide respuestas serias y que Claudia Sheinbaum Pardo\u00a0 defienda a su pa\u00eds, adem\u00e1s de detener la reforma judicial, que frena inversiones y debilita el sistema de justicia.<br><\/p>\n","protected":false},"excerpt":{"rendered":"<p>\u00a0El senador del PAN, Marko Cort\u00e9s, afirm\u00f3 que convocar al Z\u00f3calo de CDMX no resolver\u00e1 el conflicto por los aranceles de EU. Cort\u00e9s pide respuestas serias y que Claudia Sheinbaum Pardo\u00a0 defienda a su pa\u00eds, adem\u00e1s de detener la reforma judicial, que frena inversiones y debilita el sistema de justicia.<\/p>\n","protected":false},"author":2,"featured_media":77231,"comment_status":"closed","ping_status":"closed","sticky":false,"template":"","format":"standard","meta":{"footnotes":""},"categories":[34],"tags":[],"class_list":["post-77230","post","type-post","status-publish","format-standard","has-post-thumbnail","hentry","category-nacional"],"_links":{"self":[{"href":"https:\/\/elinformante.mx\/index.php?rest_route=\/wp\/v2\/posts\/77230","targetHints":{"allow":["GET"]}}],"collection":[{"href":"https:\/\/elinformante.mx\/index.php?rest_route=\/wp\/v2\/posts"}],"about":[{"href":"https:\/\/elinformante.mx\/index.php?rest_route=\/wp\/v2\/types\/post"}],"author":[{"embeddable":true,"href":"https:\/\/elinformante.mx\/index.php?rest_route=\/wp\/v2\/users\/2"}],"replies":[{"embeddable":true,"href":"https:\/\/elinformante.mx\/index.php?rest_route=%2Fwp%2Fv2%2Fcomments&post=77230"}],"version-history":[{"count":0,"href":"https:\/\/elinformante.mx\/index.php?rest_route=\/wp\/v2\/posts\/77230\/revisions"}],"wp:featuredmedia":[{"embeddable":true,"href":"https:\/\/elinformante.mx\/index.php?rest_route=\/wp\/v2\/media\/77231"}],"wp:attachment":[{"href":"https:\/\/elinformante.mx\/index.php?rest_route=%2Fwp%2Fv2%2Fmedia&parent=77230"}],"wp:term":[{"taxonomy":"category","embeddable":true,"href":"https:\/\/elinformante.mx\/index.php?rest_route=%2Fwp%2Fv2%2Fcategories&post=77230"},{"taxonomy":"post_tag","embeddable":true,"href":"https:\/\/elinformante.mx\/index.php?rest_route=%2Fwp%2Fv2%2Ftags&post=77230"}],"curies":[{"name":"wp","href":"https:\/\/api.w.org\/{rel}","templated":true}]}}