{"id":77234,"date":"2025-03-04T16:57:31","date_gmt":"2025-03-04T22:57:31","guid":{"rendered":"https:\/\/elinformante.mx\/?p=77234"},"modified":"2025-03-04T16:57:33","modified_gmt":"2025-03-04T22:57:33","slug":"lilly-tellez-culpa-a-amlo-y-a-su-hijo-por-aranceles","status":"publish","type":"post","link":"https:\/\/elinformante.mx\/?p=77234","title":{"rendered":"\u00a0LILLY T\u00c9LLEZ CULPA A AMLO Y A SU HIJO POR ARANCELES"},"content":{"rendered":"\n<p>La senadora del PAN, Lilly T\u00e9llez, acus\u00f3 al expresidente Andr\u00e9s Manuel L\u00f3pez Obrador y a su hijo Andr\u00e9s Manuel L\u00f3pez Beltr\u00e1n, de ser los culpables de los aranceles impuestos por EU a productos Mexicanos.\u00a0<br><\/p>\n\n\n\n<p>\u00a0T\u00e9llez, escribi\u00f3 en su cuenta de X \u201cEstos dos narcopol\u00edticos tienen la culpa del castigo arancelario de EU. Eligieron sostener su complicidad con los c\u00e1rteles, aunque hundan a las familias mexicanas en crisis econ\u00f3mica\u201d.\u00a0<br><\/p>\n","protected":false},"excerpt":{"rendered":"<p>La senadora del PAN, Lilly T\u00e9llez, acus\u00f3 al expresidente Andr\u00e9s Manuel L\u00f3pez Obrador y a su hijo Andr\u00e9s Manuel L\u00f3pez Beltr\u00e1n, de ser los culpables de los aranceles impuestos por EU a productos Mexicanos.\u00a0 \u00a0T\u00e9llez, escribi\u00f3 en su cuenta de X \u201cEstos dos narcopol\u00edticos tienen la culpa del castigo arancelario de EU. Eligieron sostener su [&hellip;]<\/p>\n","protected":false},"author":2,"featured_media":77235,"comment_status":"closed","ping_status":"closed","sticky":false,"template":"","format":"standard","meta":{"footnotes":""},"categories":[34],"tags":[],"class_list":["post-77234","post","type-post","status-publish","format-standard","has-post-thumbnail","hentry","category-nacional"],"_links":{"self":[{"href":"https:\/\/elinformante.mx\/index.php?rest_route=\/wp\/v2\/posts\/77234","targetHints":{"allow":["GET"]}}],"collection":[{"href":"https:\/\/elinformante.mx\/index.php?rest_route=\/wp\/v2\/posts"}],"about":[{"href":"https:\/\/elinformante.mx\/index.php?rest_route=\/wp\/v2\/types\/post"}],"author":[{"embeddable":true,"href":"https:\/\/elinformante.mx\/index.php?rest_route=\/wp\/v2\/users\/2"}],"replies":[{"embeddable":true,"href":"https:\/\/elinformante.mx\/index.php?rest_route=%2Fwp%2Fv2%2Fcomments&post=77234"}],"version-history":[{"count":0,"href":"https:\/\/elinformante.mx\/index.php?rest_route=\/wp\/v2\/posts\/77234\/revisions"}],"wp:featuredmedia":[{"embeddable":true,"href":"https:\/\/elinformante.mx\/index.php?rest_route=\/wp\/v2\/media\/77235"}],"wp:attachment":[{"href":"https:\/\/elinformante.mx\/index.php?rest_route=%2Fwp%2Fv2%2Fmedia&parent=77234"}],"wp:term":[{"taxonomy":"category","embeddable":true,"href":"https:\/\/elinformante.mx\/index.php?rest_route=%2Fwp%2Fv2%2Fcategories&post=77234"},{"taxonomy":"post_tag","embeddable":true,"href":"https:\/\/elinformante.mx\/index.php?rest_route=%2Fwp%2Fv2%2Ftags&post=77234"}],"curies":[{"name":"wp","href":"https:\/\/api.w.org\/{rel}","templated":true}]}}