{"id":77249,"date":"2025-03-05T05:29:44","date_gmt":"2025-03-05T11:29:44","guid":{"rendered":"https:\/\/elinformante.mx\/?p=77249"},"modified":"2025-03-05T05:29:50","modified_gmt":"2025-03-05T11:29:50","slug":"fallece-el-ciclon-ramirez-leyenda-del-pancracio-nacional","status":"publish","type":"post","link":"https:\/\/elinformante.mx\/?p=77249","title":{"rendered":"Fallece el Cicl\u00f3n Ram\u00edrez, leyenda del pancracio nacional"},"content":{"rendered":"\n<figure class=\"wp-block-pullquote\"><blockquote><p>Le dieron la despedida familiares y amigos cercanos, falleci\u00f3 a la edad de 64 a\u00f1os.<\/p><\/blockquote><\/figure>\n\n\n\n<p class=\"has-drop-cap\">El luchador mexicano, Cicl\u00f3n Ram\u00edrez, quien en vida respond\u00eda al nombre de Celso Reyes Daza, falleci\u00f3 este 4 de marzo de 2025, informaci\u00f3n que fue confirmada por familiares y amigos.<br><\/p>\n\n\n\n<p>No se revel\u00f3 el motivo del deceso, pero sus cercanos expresaron sus condolencias en redes sociales, del gladiador apodado como El Rey del Tope, gracias a su espectacular estilo para luchar.<br><\/p>\n\n\n\n<p>\u201cCon profundo pesar, lamentamos informar que el d\u00eda de hoy ha fallecido nuestro querido Celso Reyes Daza \u2018Cicl\u00f3n Ram\u00edrez\u2019, \u2018El Rey del Tope\u2019, y su legado siempre vivir\u00e1 en la memoria de su familia, amigos y noble afici\u00f3n. Descanse en paz\u201d, se puede leer en la esquela.<br><\/p>\n\n\n\n<p>Con 64 a\u00f1os cumplidos, su debut fue datado en marzo de 1982, en la ciudad de Nuevo Laredo, Tamaulipas, aunque con el nombre de Ovni, el primero que utiliz\u00f3, pues tambi\u00e9n fue conocido como Pegaso, Mr. Ram\u00edrez y Tibur\u00f3n.<br><\/p>\n\n\n\n<p>Perdi\u00f3 la tapa el 9 de julio de 1993 ante el Felino en una funci\u00f3n realizada en la Arena M\u00e9xico.<br><\/p>\n\n\n\n<p>\u200bSu mejor etapa fue en la tercia conocida como Las Saetas del Ring junto a \u00c1guila Solitaria y El Pantera II, con la cual consigui\u00f3 diversos campeonatos.<br><\/p>\n\n\n\n<p>Se reporta extraoficialmente que padec\u00eda la enfermedad de diabetes, la cual le caus\u00f3 m\u00faltiples problemas, aunque no se hab\u00eda alejado del todo de la lucha libre, ya que comercializaba sus productos.<\/p>\n","protected":false},"excerpt":{"rendered":"<p>Le dieron la despedida familiares y amigos cercanos, falleci\u00f3 a la edad de 64 a\u00f1os. El luchador mexicano, Cicl\u00f3n Ram\u00edrez, quien en vida respond\u00eda al nombre de Celso Reyes Daza, falleci\u00f3 este 4 de marzo de 2025, informaci\u00f3n que fue confirmada por familiares y amigos. No se revel\u00f3 el motivo del deceso, pero sus cercanos [&hellip;]<\/p>\n","protected":false},"author":1,"featured_media":77251,"comment_status":"closed","ping_status":"closed","sticky":false,"template":"","format":"standard","meta":{"footnotes":""},"categories":[38],"tags":[],"class_list":["post-77249","post","type-post","status-publish","format-standard","has-post-thumbnail","hentry","category-deportes"],"_links":{"self":[{"href":"https:\/\/elinformante.mx\/index.php?rest_route=\/wp\/v2\/posts\/77249","targetHints":{"allow":["GET"]}}],"collection":[{"href":"https:\/\/elinformante.mx\/index.php?rest_route=\/wp\/v2\/posts"}],"about":[{"href":"https:\/\/elinformante.mx\/index.php?rest_route=\/wp\/v2\/types\/post"}],"author":[{"embeddable":true,"href":"https:\/\/elinformante.mx\/index.php?rest_route=\/wp\/v2\/users\/1"}],"replies":[{"embeddable":true,"href":"https:\/\/elinformante.mx\/index.php?rest_route=%2Fwp%2Fv2%2Fcomments&post=77249"}],"version-history":[{"count":0,"href":"https:\/\/elinformante.mx\/index.php?rest_route=\/wp\/v2\/posts\/77249\/revisions"}],"wp:featuredmedia":[{"embeddable":true,"href":"https:\/\/elinformante.mx\/index.php?rest_route=\/wp\/v2\/media\/77251"}],"wp:attachment":[{"href":"https:\/\/elinformante.mx\/index.php?rest_route=%2Fwp%2Fv2%2Fmedia&parent=77249"}],"wp:term":[{"taxonomy":"category","embeddable":true,"href":"https:\/\/elinformante.mx\/index.php?rest_route=%2Fwp%2Fv2%2Fcategories&post=77249"},{"taxonomy":"post_tag","embeddable":true,"href":"https:\/\/elinformante.mx\/index.php?rest_route=%2Fwp%2Fv2%2Ftags&post=77249"}],"curies":[{"name":"wp","href":"https:\/\/api.w.org\/{rel}","templated":true}]}}