{"id":77260,"date":"2025-03-05T05:39:07","date_gmt":"2025-03-05T11:39:07","guid":{"rendered":"https:\/\/elinformante.mx\/?p=77260"},"modified":"2025-03-05T05:39:16","modified_gmt":"2025-03-05T11:39:16","slug":"sujeto-es-sentenciado-a-37-anos-de-prision-por-robo-de-vehiculo-en-naucalpan","status":"publish","type":"post","link":"https:\/\/elinformante.mx\/?p=77260","title":{"rendered":"Sujeto es sentenciado a 37 a\u00f1os de prisi\u00f3n por robo de veh\u00edculo en Naucalpan"},"content":{"rendered":"\n<figure class=\"wp-block-pullquote\"><blockquote><p>Mauricio Luciano L\u00f3pez y sus c\u00f3mplices amagaron con armas de fuego a ambas v\u00edctimas a quienes despojaron de sus respectivas unidades automotoras.<\/p><\/blockquote><\/figure>\n\n\n\n<p class=\"has-drop-cap\">Mauricio Luciano L\u00f3pez fue sentenciado a 37 a\u00f1os y 10 meses de prisi\u00f3n, despu\u00e9s de que la FGJEM acredit\u00f3 su intervenci\u00f3n en el delito de robo de veh\u00edculo con violencia en Naucalpan.<br><\/p>\n\n\n\n<p>Con las pruebas recabadas, aportadas y expuestas por el Ministerio P\u00fablico, la Autoridad Judicial dict\u00f3 esta sentencia de condena contra el acusado, adem\u00e1s le fij\u00f3 multas y suspendi\u00f3 sus derechos civiles y pol\u00edticos.<br><\/p>\n\n\n\n<p>El 7 de mayo del a\u00f1o 2024, el ahora sentenciado y dos personas m\u00e1s arribaron al exterior de una plaza comercial ubicada en la colonia Santa Cruz Acatl\u00e1n en Naucalpan y se aproximaron a los conductores de dos veh\u00edculos, uno marca Honda, tipo CRV y otro Volkswagen, tipo Golf.<br><\/p>\n\n\n\n<p>Mauricio Luciano L\u00f3pez y sus c\u00f3mplices amagaron con armas de fuego a ambas v\u00edctimas a quienes despojaron de sus respectivas unidades automotoras.<br><\/p>\n\n\n\n<p>Las personas afectadas solicitaron ayuda de elementos de la Direcci\u00f3n de Seguridad P\u00fablica y Tr\u00e1nsito Municipal, quienes mediante acci\u00f3n operativa lograron la captura del ahora sentenciado, as\u00ed como la recuperaci\u00f3n de la camioneta tipo CRV.<br><\/p>\n\n\n\n<p>Este individuo fue presentado ante el Representante Social quien inici\u00f3 la indagatoria correspondiente por el hecho delictivo de robo de veh\u00edculo con violencia y posteriormente ingresado al Centro Penitenciario y de Reinserci\u00f3n Social Lic. Juan Fern\u00e1ndez Albarr\u00e1n en Tlalnepantla, a disposici\u00f3n del \u00d3rgano Jurisdiccional, quien tras proceso legal, le dict\u00f3 esta condena.<\/p>\n","protected":false},"excerpt":{"rendered":"<p>Mauricio Luciano L\u00f3pez y sus c\u00f3mplices amagaron con armas de fuego a ambas v\u00edctimas a quienes despojaron de sus respectivas unidades automotoras. Mauricio Luciano L\u00f3pez fue sentenciado a 37 a\u00f1os y 10 meses de prisi\u00f3n, despu\u00e9s de que la FGJEM acredit\u00f3 su intervenci\u00f3n en el delito de robo de veh\u00edculo con violencia en Naucalpan. Con [&hellip;]<\/p>\n","protected":false},"author":1,"featured_media":77261,"comment_status":"closed","ping_status":"closed","sticky":false,"template":"","format":"standard","meta":{"footnotes":""},"categories":[36,37],"tags":[],"class_list":["post-77260","post","type-post","status-publish","format-standard","has-post-thumbnail","hentry","category-edomex","category-justicia"],"_links":{"self":[{"href":"https:\/\/elinformante.mx\/index.php?rest_route=\/wp\/v2\/posts\/77260","targetHints":{"allow":["GET"]}}],"collection":[{"href":"https:\/\/elinformante.mx\/index.php?rest_route=\/wp\/v2\/posts"}],"about":[{"href":"https:\/\/elinformante.mx\/index.php?rest_route=\/wp\/v2\/types\/post"}],"author":[{"embeddable":true,"href":"https:\/\/elinformante.mx\/index.php?rest_route=\/wp\/v2\/users\/1"}],"replies":[{"embeddable":true,"href":"https:\/\/elinformante.mx\/index.php?rest_route=%2Fwp%2Fv2%2Fcomments&post=77260"}],"version-history":[{"count":0,"href":"https:\/\/elinformante.mx\/index.php?rest_route=\/wp\/v2\/posts\/77260\/revisions"}],"wp:featuredmedia":[{"embeddable":true,"href":"https:\/\/elinformante.mx\/index.php?rest_route=\/wp\/v2\/media\/77261"}],"wp:attachment":[{"href":"https:\/\/elinformante.mx\/index.php?rest_route=%2Fwp%2Fv2%2Fmedia&parent=77260"}],"wp:term":[{"taxonomy":"category","embeddable":true,"href":"https:\/\/elinformante.mx\/index.php?rest_route=%2Fwp%2Fv2%2Fcategories&post=77260"},{"taxonomy":"post_tag","embeddable":true,"href":"https:\/\/elinformante.mx\/index.php?rest_route=%2Fwp%2Fv2%2Ftags&post=77260"}],"curies":[{"name":"wp","href":"https:\/\/api.w.org\/{rel}","templated":true}]}}