{"id":77263,"date":"2025-03-05T05:41:08","date_gmt":"2025-03-05T11:41:08","guid":{"rendered":"https:\/\/elinformante.mx\/?p=77263"},"modified":"2025-03-05T05:41:15","modified_gmt":"2025-03-05T11:41:15","slug":"lo-condenan-a-70-anos-de-prision-por-el-homicidio-de-una-nina-en-tecamac","status":"publish","type":"post","link":"https:\/\/elinformante.mx\/?p=77263","title":{"rendered":"Lo condenan a 70 a\u00f1os de prisi\u00f3n por el homicidio de una ni\u00f1a en Tec\u00e1mac"},"content":{"rendered":"\n<figure class=\"wp-block-pullquote\"><blockquote><p>El ahora sentenciado golpe\u00f3 a la hija de su pareja sentimental, una ni\u00f1a de dos a\u00f1os, a quien traslad\u00f3 a un hospital para recibir atenci\u00f3n m\u00e9dica, no obstante, falleci\u00f3 derivado de las lesiones que present\u00f3.<\/p><\/blockquote><\/figure>\n\n\n\n<p class=\"has-drop-cap\">La FGJEM acredit\u00f3 la intervenci\u00f3n de Jonathan Alejandro Ortiz Corona, en el hecho delictivo de homicidio calificado en agravio de una ni\u00f1a de 2 a\u00f1os, hija de su pareja sentimental, por lo que fue sentenciado a 70 a\u00f1os de prisi\u00f3n.<br><\/p>\n\n\n\n<p>Se estableci\u00f3 que el 28 de marzo de 2024 la v\u00edctima se encontraba al cuidado del ahora sentenciado, en el interior de un inmueble ubicado en el Fraccionamiento Los H\u00e9roes Tec\u00e1mac, donde en alg\u00fan momento este individuo la agredi\u00f3 f\u00edsicamente, caus\u00e1ndole lesiones, por lo que la traslad\u00f3 a un hospital de la zona, donde falleci\u00f3 derivado de los golpes que present\u00f3.<br><\/p>\n\n\n\n<p>Personal de dicho nosocomio notific\u00f3 a esta Instituci\u00f3n sobre el homicidio de la menor de edad, por ello fue iniciada la investigaci\u00f3n correspondiente y recabados datos de prueba, con los cuales fue aprehendido el implicado e ingresado al Centro Penitenciario y de Reinserci\u00f3n Social de Ecatepec.<br><\/p>\n\n\n\n<p>El \u00d3rgano Jurisdiccional emiti\u00f3 esta sentencia de condena, adem\u00e1s le fij\u00f3 multas, en tanto que sus derechos civiles y pol\u00edticos quedaron suspendidos.<\/p>\n","protected":false},"excerpt":{"rendered":"<p>El ahora sentenciado golpe\u00f3 a la hija de su pareja sentimental, una ni\u00f1a de dos a\u00f1os, a quien traslad\u00f3 a un hospital para recibir atenci\u00f3n m\u00e9dica, no obstante, falleci\u00f3 derivado de las lesiones que present\u00f3. La FGJEM acredit\u00f3 la intervenci\u00f3n de Jonathan Alejandro Ortiz Corona, en el hecho delictivo de homicidio calificado en agravio de [&hellip;]<\/p>\n","protected":false},"author":1,"featured_media":77264,"comment_status":"closed","ping_status":"closed","sticky":false,"template":"","format":"standard","meta":{"footnotes":""},"categories":[30,36,37],"tags":[],"class_list":["post-77263","post","type-post","status-publish","format-standard","has-post-thumbnail","hentry","category-destacado","category-edomex","category-justicia"],"_links":{"self":[{"href":"https:\/\/elinformante.mx\/index.php?rest_route=\/wp\/v2\/posts\/77263","targetHints":{"allow":["GET"]}}],"collection":[{"href":"https:\/\/elinformante.mx\/index.php?rest_route=\/wp\/v2\/posts"}],"about":[{"href":"https:\/\/elinformante.mx\/index.php?rest_route=\/wp\/v2\/types\/post"}],"author":[{"embeddable":true,"href":"https:\/\/elinformante.mx\/index.php?rest_route=\/wp\/v2\/users\/1"}],"replies":[{"embeddable":true,"href":"https:\/\/elinformante.mx\/index.php?rest_route=%2Fwp%2Fv2%2Fcomments&post=77263"}],"version-history":[{"count":0,"href":"https:\/\/elinformante.mx\/index.php?rest_route=\/wp\/v2\/posts\/77263\/revisions"}],"wp:featuredmedia":[{"embeddable":true,"href":"https:\/\/elinformante.mx\/index.php?rest_route=\/wp\/v2\/media\/77264"}],"wp:attachment":[{"href":"https:\/\/elinformante.mx\/index.php?rest_route=%2Fwp%2Fv2%2Fmedia&parent=77263"}],"wp:term":[{"taxonomy":"category","embeddable":true,"href":"https:\/\/elinformante.mx\/index.php?rest_route=%2Fwp%2Fv2%2Fcategories&post=77263"},{"taxonomy":"post_tag","embeddable":true,"href":"https:\/\/elinformante.mx\/index.php?rest_route=%2Fwp%2Fv2%2Ftags&post=77263"}],"curies":[{"name":"wp","href":"https:\/\/api.w.org\/{rel}","templated":true}]}}