{"id":77272,"date":"2025-03-05T05:52:54","date_gmt":"2025-03-05T11:52:54","guid":{"rendered":"https:\/\/elinformante.mx\/?p=77272"},"modified":"2025-03-05T05:52:58","modified_gmt":"2025-03-05T11:52:58","slug":"entregan-en-edomex-apoyos-por-190-mil-pesos-del-programa-fomento-cooperativo-para-el-bienestar","status":"publish","type":"post","link":"https:\/\/elinformante.mx\/?p=77272","title":{"rendered":"Entregan en Edom\u00e9x apoyos por 190 mil pesos del Programa \u201cFomento Cooperativo para el Bienestar\u201d"},"content":{"rendered":"\n<figure class=\"wp-block-pullquote\"><blockquote><p>Las Secretar\u00edas del Trabajo y del Campo han promovido la creaci\u00f3n de 26 cooperativas del ramo agropecuario, que son un primer paso al comercio justo.<\/p><\/blockquote><\/figure>\n\n\n\n<p class=\"has-drop-cap\">En un acto sin precedentes, a trav\u00e9s de la Secretar\u00eda del Trabajo, se entreg\u00f3 89 apoyos que van desde 120 mil hasta 190 mil pesos, destinados a la formaci\u00f3n de sociedades cooperativas del Estado de M\u00e9xico como parte del Programa \u201cFomento Cooperativo para el Bienestar\u201d.<br><\/p>\n\n\n\n<p>Con esta iniciativa se busca fortalecer a este tipo de sociedades, otorgando asesor\u00eda, capacitaci\u00f3n y acompa\u00f1amiento para el establecimiento y desarrollo de estas.<br><\/p>\n\n\n\n<p>Adem\u00e1s de promover el autoempleo, mejorar los ingresos familiares y fomentar la competitividad de los emprendimientos cooperativistas, bajo un enfoque solidario y humanista que pone en primer lugar a las personas y su bienestar colectivo.<br><\/p>\n\n\n\n<p>Las Secretar\u00edas del Trabajo y del Campo han promovido la creaci\u00f3n de 26 cooperativas del ramo agropecuario, que son un primer paso al comercio justo y a una relaci\u00f3n m\u00e1s cercana entre los productores y la poblaci\u00f3n, sin depender de las grandes empresas.<br><\/p>\n\n\n\n<p>Mar\u00eda Eugenia Rojano Vald\u00e9s, Secretaria del Campo, agradeci\u00f3 las pol\u00edticas de fomento al cooperativismo y la coordinaci\u00f3n entre ambas Secretar\u00edas para constituir este tipo de pol\u00edticas sociales que son una nueva forma de bienestar, desarrollo econ\u00f3mico y social para la poblaci\u00f3n.<br><\/p>\n\n\n\n<p>Por su parte, Norberto Morales Poblete, Secretario del Trabajo, reafirm\u00f3 el compromiso del Gobierno del Estado de M\u00e9xico con el bienestar de las y los mexiquenses y el fortalecimiento de la econom\u00eda social.<br><\/p>\n\n\n\n<p>Afirm\u00f3 que el cooperativismo es un pilar fundamental del pensamiento progresista, reflejando un modelo de econom\u00eda humanista y social basado en el trabajo organizado, la solidaridad y la participaci\u00f3n democr\u00e1tica. \u201cLa pol\u00edtica laboral debe estar al servicio del pueblo trabajador. No m\u00e1s explotaci\u00f3n, no m\u00e1s olvido\u201d, reiter\u00f3.<\/p>\n","protected":false},"excerpt":{"rendered":"<p>Las Secretar\u00edas del Trabajo y del Campo han promovido la creaci\u00f3n de 26 cooperativas del ramo agropecuario, que son un primer paso al comercio justo. En un acto sin precedentes, a trav\u00e9s de la Secretar\u00eda del Trabajo, se entreg\u00f3 89 apoyos que van desde 120 mil hasta 190 mil pesos, destinados a la formaci\u00f3n de [&hellip;]<\/p>\n","protected":false},"author":1,"featured_media":77273,"comment_status":"closed","ping_status":"closed","sticky":false,"template":"","format":"standard","meta":{"footnotes":""},"categories":[36],"tags":[],"class_list":["post-77272","post","type-post","status-publish","format-standard","has-post-thumbnail","hentry","category-edomex"],"_links":{"self":[{"href":"https:\/\/elinformante.mx\/index.php?rest_route=\/wp\/v2\/posts\/77272","targetHints":{"allow":["GET"]}}],"collection":[{"href":"https:\/\/elinformante.mx\/index.php?rest_route=\/wp\/v2\/posts"}],"about":[{"href":"https:\/\/elinformante.mx\/index.php?rest_route=\/wp\/v2\/types\/post"}],"author":[{"embeddable":true,"href":"https:\/\/elinformante.mx\/index.php?rest_route=\/wp\/v2\/users\/1"}],"replies":[{"embeddable":true,"href":"https:\/\/elinformante.mx\/index.php?rest_route=%2Fwp%2Fv2%2Fcomments&post=77272"}],"version-history":[{"count":0,"href":"https:\/\/elinformante.mx\/index.php?rest_route=\/wp\/v2\/posts\/77272\/revisions"}],"wp:featuredmedia":[{"embeddable":true,"href":"https:\/\/elinformante.mx\/index.php?rest_route=\/wp\/v2\/media\/77273"}],"wp:attachment":[{"href":"https:\/\/elinformante.mx\/index.php?rest_route=%2Fwp%2Fv2%2Fmedia&parent=77272"}],"wp:term":[{"taxonomy":"category","embeddable":true,"href":"https:\/\/elinformante.mx\/index.php?rest_route=%2Fwp%2Fv2%2Fcategories&post=77272"},{"taxonomy":"post_tag","embeddable":true,"href":"https:\/\/elinformante.mx\/index.php?rest_route=%2Fwp%2Fv2%2Ftags&post=77272"}],"curies":[{"name":"wp","href":"https:\/\/api.w.org\/{rel}","templated":true}]}}