{"id":77275,"date":"2025-03-05T05:54:48","date_gmt":"2025-03-05T11:54:48","guid":{"rendered":"https:\/\/elinformante.mx\/?p=77275"},"modified":"2025-03-05T05:54:54","modified_gmt":"2025-03-05T11:54:54","slug":"zinacantepec-brinda-acceso-a-la-salud-gratuita-manuel-vilchis","status":"publish","type":"post","link":"https:\/\/elinformante.mx\/?p=77275","title":{"rendered":"Zinacantepec brinda acceso a la salud gratuita: Manuel Vilchis"},"content":{"rendered":"\n<figure class=\"wp-block-pullquote\"><blockquote><p>El presidente municipal destac\u00f3 la importancia de estas jornadas para garantizar el acceso a atenci\u00f3n m\u00e9dica oportuna.<\/p><\/blockquote><\/figure>\n\n\n\n<p class=\"has-drop-cap\">La Plaza Constituci\u00f3n de Zinacantepec es sede de una jornada de salud gratuita organizada por el Instituto de Salud del Estado de M\u00e9xico (ISEM) en coordinaci\u00f3n con el Ayuntamiento local. Este evento, que se lleva a cabo del 3 al 7 de marzo, busca acercar servicios m\u00e9dicos esenciales a la poblaci\u00f3n de escasos recursos.<br><\/p>\n\n\n\n<p>El presidente municipal, Manuel Vilchis Viveros, acompa\u00f1ado de su esposa, durante la inauguraci\u00f3n del evento, destac\u00f3 la importancia de estas jornadas para garantizar el acceso a atenci\u00f3n m\u00e9dica oportuna. Adem\u00e1s, reconoci\u00f3 el respaldo de la gobernadora Delfina G\u00f3mez y la Secretar\u00eda de Salud estatal en la implementaci\u00f3n de estas acciones en beneficio de la comunidad.<br><\/p>\n\n\n\n<p>La jornada ofrece una variedad de servicios m\u00e9dicos para todas las edades, incluyendo consultas generales, toma de signos vitales, estudios de laboratorio cl\u00ednico, rayos X y electrocardiogramas. Tambi\u00e9n se cuenta con ultrasonidos p\u00e9lvico-obst\u00e9tricos y mastograf\u00edas, fundamentales para la detecci\u00f3n temprana de enfermedades.<br><\/p>\n\n\n\n<p>Para la salud dental, se dispone de consultas odontol\u00f3gicas, y en el \u00e1rea veterinaria se realizan esterilizaciones y atenci\u00f3n m\u00e9dica para mascotas. Asimismo, se habilit\u00f3 una farmacia donde los pacientes pueden recibir medicamentos sin costo tras su consulta.<br><\/p>\n\n\n\n<figure class=\"wp-block-image size-large\"><img fetchpriority=\"high\" decoding=\"async\" width=\"1024\" height=\"506\" src=\"https:\/\/elinformante.mx\/wp-content\/uploads\/2025\/03\/11zina-2-1-1024x506.jpg\" alt=\"\" class=\"wp-image-77277\" srcset=\"https:\/\/elinformante.mx\/wp-content\/uploads\/2025\/03\/11zina-2-1-1024x506.jpg 1024w, https:\/\/elinformante.mx\/wp-content\/uploads\/2025\/03\/11zina-2-1-300x148.jpg 300w, https:\/\/elinformante.mx\/wp-content\/uploads\/2025\/03\/11zina-2-1-768x379.jpg 768w, https:\/\/elinformante.mx\/wp-content\/uploads\/2025\/03\/11zina-2-1.jpg 1140w\" sizes=\"(max-width: 1024px) 100vw, 1024px\" \/><\/figure>\n\n\n\n<p>El evento se desarrolla en la Plaza C\u00edvica de Zinacantepec en un horario de 09:00 a.m. a 05:00 p.m. La jornada est\u00e1 abierta al p\u00fablico sin necesidad de inscripci\u00f3n previa, permitiendo a los habitantes acceder a los servicios de manera r\u00e1pida y sencilla.<br><\/p>\n\n\n\n<p>El presidente municipal subray\u00f3 que estas jornadas permiten a la poblaci\u00f3n realizarse estudios m\u00e9dicos preventivos y recibir tratamientos sin afectar su econom\u00eda. Destac\u00f3 que la salud es un derecho fundamental y que la coordinaci\u00f3n entre el gobierno municipal y estatal busca garantizar que nadie se quede sin atenci\u00f3n m\u00e9dica.<br><\/p>\n\n\n\n<p>La secretaria de Salud del Estado de M\u00e9xico reiter\u00f3 el compromiso de la administraci\u00f3n estatal para seguir impulsando programas de salud gratuitos en distintas localidades, asegurando que m\u00e1s personas puedan beneficiarse de estos servicios.<br><\/p>\n\n\n\n<p>La Jornada de Salud en Zinacantepec representa una oportunidad para que los ciudadanos accedan a atenci\u00f3n m\u00e9dica de calidad sin costo. Con una amplia gama de servicios y la participaci\u00f3n de especialistas en diversas \u00e1reas, esta iniciativa refuerza el compromiso del gobierno con la salud p\u00fablica.<\/p>\n","protected":false},"excerpt":{"rendered":"<p>El presidente municipal destac\u00f3 la importancia de estas jornadas para garantizar el acceso a atenci\u00f3n m\u00e9dica oportuna. La Plaza Constituci\u00f3n de Zinacantepec es sede de una jornada de salud gratuita organizada por el Instituto de Salud del Estado de M\u00e9xico (ISEM) en coordinaci\u00f3n con el Ayuntamiento local. Este evento, que se lleva a cabo del [&hellip;]<\/p>\n","protected":false},"author":1,"featured_media":77276,"comment_status":"closed","ping_status":"closed","sticky":false,"template":"","format":"standard","meta":{"footnotes":""},"categories":[30,36],"tags":[],"class_list":["post-77275","post","type-post","status-publish","format-standard","has-post-thumbnail","hentry","category-destacado","category-edomex"],"_links":{"self":[{"href":"https:\/\/elinformante.mx\/index.php?rest_route=\/wp\/v2\/posts\/77275","targetHints":{"allow":["GET"]}}],"collection":[{"href":"https:\/\/elinformante.mx\/index.php?rest_route=\/wp\/v2\/posts"}],"about":[{"href":"https:\/\/elinformante.mx\/index.php?rest_route=\/wp\/v2\/types\/post"}],"author":[{"embeddable":true,"href":"https:\/\/elinformante.mx\/index.php?rest_route=\/wp\/v2\/users\/1"}],"replies":[{"embeddable":true,"href":"https:\/\/elinformante.mx\/index.php?rest_route=%2Fwp%2Fv2%2Fcomments&post=77275"}],"version-history":[{"count":0,"href":"https:\/\/elinformante.mx\/index.php?rest_route=\/wp\/v2\/posts\/77275\/revisions"}],"wp:featuredmedia":[{"embeddable":true,"href":"https:\/\/elinformante.mx\/index.php?rest_route=\/wp\/v2\/media\/77276"}],"wp:attachment":[{"href":"https:\/\/elinformante.mx\/index.php?rest_route=%2Fwp%2Fv2%2Fmedia&parent=77275"}],"wp:term":[{"taxonomy":"category","embeddable":true,"href":"https:\/\/elinformante.mx\/index.php?rest_route=%2Fwp%2Fv2%2Fcategories&post=77275"},{"taxonomy":"post_tag","embeddable":true,"href":"https:\/\/elinformante.mx\/index.php?rest_route=%2Fwp%2Fv2%2Ftags&post=77275"}],"curies":[{"name":"wp","href":"https:\/\/api.w.org\/{rel}","templated":true}]}}