{"id":77282,"date":"2025-03-05T06:00:40","date_gmt":"2025-03-05T12:00:40","guid":{"rendered":"https:\/\/elinformante.mx\/?p=77282"},"modified":"2025-03-05T06:00:59","modified_gmt":"2025-03-05T12:00:59","slug":"se-reinventa-uaemex-tv-con-contenidos-que-inspiran-transforman-e-informan-cebd","status":"publish","type":"post","link":"https:\/\/elinformante.mx\/?p=77282","title":{"rendered":"Se reinventa UAEM\u00e9x TV con contenidos que inspiran, transforman e informan: CEBD"},"content":{"rendered":"\n<figure class=\"wp-block-pullquote\"><blockquote><p>El rector de la UAEM\u00e9x, Carlos Eduardo Barrera D\u00edaz, mencion\u00f3 que la labor de la productora universitaria visibiliza el quehacer acad\u00e9mico, cient\u00edfico y cultural de la casa auriverde.<\/p><\/blockquote><\/figure>\n\n\n\n<p class=\"has-drop-cap\">Durante quince a\u00f1os, UAEM\u00e9x TV ha trazado un puente entre esta casa de estudios y la sociedad, llegando a los hogares de miles de mexiquenses a trav\u00e9s de contenidos que inspiran, transforman e informan, afirm\u00f3 el rector de la Universidad Aut\u00f3noma del Estado de M\u00e9xico (UAEM\u00e9x) Carlos Eduardo Barrera D\u00edaz, al encabezar el 15 aniversario de UAEM\u00e9x TV.<br><\/p>\n\n\n\n<p>En el Torre\u00f3n de la Identidad Universitaria del Edificio de Rector\u00eda y acompa\u00f1ado por la directora General de Comunicaci\u00f3n Universitaria, Ginarely Valencia Alc\u00e1ntara, el director de Comunicaci\u00f3n, Carlos Hern\u00e1ndez Zarza, la jefa del departamento de Producci\u00f3n Audiovisual, Eugenia Guadalupe Ju\u00e1rez Serrano y el productor de UAEM\u00e9x TV, Indalecio L\u00f3pez Galv\u00e1n, Barrera D\u00edaz mencion\u00f3 que su labor visibiliza el quehacer acad\u00e9mico, cient\u00edfico y cultural de la M\u00e1xima Casa de Estudios mexiquense acerc\u00e1ndolo a un p\u00fablico cada vez m\u00e1s amplio y diverso.<br><\/p>\n\n\n\n<p>\u201cHoy vislumbramos una comunicaci\u00f3n universitaria inmersa en un futuro lleno de retos y oportunidades que saldr\u00e1 adelante con el talento de quienes integran este espacio\u201d, abund\u00f3.<br><\/p>\n\n\n\n<figure class=\"wp-block-image size-large\"><img fetchpriority=\"high\" decoding=\"async\" width=\"1024\" height=\"506\" src=\"https:\/\/elinformante.mx\/wp-content\/uploads\/2025\/03\/10uaemex-2-1-1024x506.jpg\" alt=\"\" class=\"wp-image-77284\" srcset=\"https:\/\/elinformante.mx\/wp-content\/uploads\/2025\/03\/10uaemex-2-1-1024x506.jpg 1024w, https:\/\/elinformante.mx\/wp-content\/uploads\/2025\/03\/10uaemex-2-1-300x148.jpg 300w, https:\/\/elinformante.mx\/wp-content\/uploads\/2025\/03\/10uaemex-2-1-768x379.jpg 768w, https:\/\/elinformante.mx\/wp-content\/uploads\/2025\/03\/10uaemex-2-1.jpg 1140w\" sizes=\"(max-width: 1024px) 100vw, 1024px\" \/><\/figure>\n\n\n\n<p>En el acto fueron reconocidos Deisy Reina Hern\u00e1ndez Flores, Jonathan Hugo Jim\u00e9nez G\u00f3mez, Jos\u00e9 Luis Gustavo Garc\u00eda Su\u00e1rez, Juan Ram\u00edrez Gonz\u00e1lez, Lorena Guadalupe Graniel D\u00edaz, Mar\u00eda Ang\u00e9lica Araujo Esquivel, Marisol Alonso P\u00e9rez, Paola Zitlalli Molina Monroy, Ruth Milca Rojas Joyner, Indalecio L\u00f3pez Galv\u00e1n y Eugenia Guadalupe Ju\u00e1rez Serrano por ser parte de la historia de este departamento audiovisual.<br><\/p>\n\n\n\n<p>Durante su intervenci\u00f3n, Valencia Alc\u00e1ntara afirm\u00f3 que UAEM\u00e9x TV es parte importante de la memoria hist\u00f3rica de la UAEM\u00e9x ya que sus integrantes, con c\u00e1mara en mano, documentan los acontecimientos m\u00e1s relevantes de esta casa de estudios.<br><\/p>\n\n\n\n<p>\u201cQue este quince aniversario sea motivo para renovarnos, explorar y explotar la creatividad para llegar a nuevos p\u00fablicos. Larga vida a este espacio y que sus ojos sigan siendo los de muchas personas que vemos el acontecer de la universidad a trav\u00e9s de las pantallas\u201d, apunt\u00f3.<br><\/p>\n\n\n\n<p>Finalmente, se present\u00f3 la nueva imagen de UAEM\u00e9x Tv, la cual busca ser m\u00e1s din\u00e1mica y cercana a las nuevas generaciones.<\/p>\n","protected":false},"excerpt":{"rendered":"<p>El rector de la UAEM\u00e9x, Carlos Eduardo Barrera D\u00edaz, mencion\u00f3 que la labor de la productora universitaria visibiliza el quehacer acad\u00e9mico, cient\u00edfico y cultural de la casa auriverde. Durante quince a\u00f1os, UAEM\u00e9x TV ha trazado un puente entre esta casa de estudios y la sociedad, llegando a los hogares de miles de mexiquenses a trav\u00e9s [&hellip;]<\/p>\n","protected":false},"author":1,"featured_media":77283,"comment_status":"closed","ping_status":"closed","sticky":false,"template":"","format":"standard","meta":{"footnotes":""},"categories":[30,36],"tags":[],"class_list":["post-77282","post","type-post","status-publish","format-standard","has-post-thumbnail","hentry","category-destacado","category-edomex"],"_links":{"self":[{"href":"https:\/\/elinformante.mx\/index.php?rest_route=\/wp\/v2\/posts\/77282","targetHints":{"allow":["GET"]}}],"collection":[{"href":"https:\/\/elinformante.mx\/index.php?rest_route=\/wp\/v2\/posts"}],"about":[{"href":"https:\/\/elinformante.mx\/index.php?rest_route=\/wp\/v2\/types\/post"}],"author":[{"embeddable":true,"href":"https:\/\/elinformante.mx\/index.php?rest_route=\/wp\/v2\/users\/1"}],"replies":[{"embeddable":true,"href":"https:\/\/elinformante.mx\/index.php?rest_route=%2Fwp%2Fv2%2Fcomments&post=77282"}],"version-history":[{"count":0,"href":"https:\/\/elinformante.mx\/index.php?rest_route=\/wp\/v2\/posts\/77282\/revisions"}],"wp:featuredmedia":[{"embeddable":true,"href":"https:\/\/elinformante.mx\/index.php?rest_route=\/wp\/v2\/media\/77283"}],"wp:attachment":[{"href":"https:\/\/elinformante.mx\/index.php?rest_route=%2Fwp%2Fv2%2Fmedia&parent=77282"}],"wp:term":[{"taxonomy":"category","embeddable":true,"href":"https:\/\/elinformante.mx\/index.php?rest_route=%2Fwp%2Fv2%2Fcategories&post=77282"},{"taxonomy":"post_tag","embeddable":true,"href":"https:\/\/elinformante.mx\/index.php?rest_route=%2Fwp%2Fv2%2Ftags&post=77282"}],"curies":[{"name":"wp","href":"https:\/\/api.w.org\/{rel}","templated":true}]}}