{"id":77289,"date":"2025-03-05T06:12:49","date_gmt":"2025-03-05T12:12:49","guid":{"rendered":"https:\/\/elinformante.mx\/?p=77289"},"modified":"2025-03-05T06:12:54","modified_gmt":"2025-03-05T12:12:54","slug":"inicia-pago-de-pensiones-para-el-bienestar-en-el-edomex","status":"publish","type":"post","link":"https:\/\/elinformante.mx\/?p=77289","title":{"rendered":"Inicia pago de pensiones para el Bienestar en el Edom\u00e9x"},"content":{"rendered":"\n<figure class=\"wp-block-pullquote\"><blockquote><p>-El Pago de pensiones se llevar\u00e1 a cabo del 3 al 27 de marzo del 2025.<br>-Los programas est\u00e1n dirigidos a mujeres de 60 a 64 a\u00f1os, personas con discapacidad de 0 a 64 a\u00f1os, as\u00ed como personas de 65 a\u00f1os o m\u00e1s, para elevar el nivel de vida de los sectores vulnerables.<\/p><\/blockquote><\/figure>\n\n\n\n<p class=\"has-drop-cap\">En el Estado de M\u00e9xico comenz\u00f3 la dispersi\u00f3n de las Pensiones para el Bienestar, luego de que el Gobierno Federal anunci\u00f3 la entrega de los programas \u201cMujeres Bienestar\u201d, \u201cPersonas con Discapacidad Permanente\u201d y \u201cPersonas Adultas Mayores\u201d correspondiente al bimestre marzo-abril.<br><\/p>\n\n\n\n<p>Estos programas consisten en un apoyo de 3 mil, 3 mil 200 y 6 mil 200 pesos, respectivamente y est\u00e1n dirigidos a mujeres de 60 a 64 a\u00f1os, personas con discapacidad de 0 a 64 a\u00f1os, as\u00ed como personas de 65 a\u00f1os o m\u00e1s.<br><\/p>\n\n\n\n<p>Cabe resaltar que estos programas se enfocan a tres grupos poblacionales distintos, sin embargo, tienen un objetivo en com\u00fan: elevar el nivel de vida de los sectores vulnerables mediante la entrega bimestral de los pagos.<br><\/p>\n\n\n\n<p>Por ello, para el periodo de marzo-abril, el calendario se basa en la inicial del apellido paterno, de la siguiente forma:<br><\/p>\n\n\n\n<ul class=\"wp-block-list\">\n<li>Lunes 3 de marzo de 2025, la letra A;<\/li>\n\n\n\n<li>Martes 4 de marzo de 2025, la letra B;<\/li>\n\n\n\n<li>Mi\u00e9rcoles 5 y jueves 6 de marzo de 2025, la letra C;<\/li>\n\n\n\n<li>Viernes 7 de marzo de 2025, las letras D, E y F;<\/li>\n\n\n\n<li>Lunes 10 y martes 11 de marzo de 2025, la letra G;<\/li>\n\n\n\n<li>Mi\u00e9rcoles 12 de marzo de 2025; las letras H, I, J y K;<\/li>\n\n\n\n<li>Jueves 13 de marzo de 2025, la letra L;<\/li>\n\n\n\n<li>Viernes 14 y martes 18 de marzo de 2025, la letra M;<\/li>\n\n\n\n<li>Mi\u00e9rcoles 19 de marzo de 2025, las letras N, \u00d1 y O;<\/li>\n\n\n\n<li>Jueves 20 de marzo de 2025, las letras P y Q;<\/li>\n\n\n\n<li>Viernes 21 y lunes 24 de marzo de 2025, la letra R;<\/li>\n\n\n\n<li>Martes 25 de marzo de 2025, la letra S;<\/li>\n\n\n\n<li>Mi\u00e9rcoles 26 de marzo de 2025, las letras T, U y V;<\/li>\n\n\n\n<li>Jueves 27 de marzo de 2025, las letras W, Y, X y Z.<\/li>\n<\/ul>\n","protected":false},"excerpt":{"rendered":"<p>-El Pago de pensiones se llevar\u00e1 a cabo del 3 al 27 de marzo del 2025.-Los programas est\u00e1n dirigidos a mujeres de 60 a 64 a\u00f1os, personas con discapacidad de 0 a 64 a\u00f1os, as\u00ed como personas de 65 a\u00f1os o m\u00e1s, para elevar el nivel de vida de los sectores vulnerables. En el Estado [&hellip;]<\/p>\n","protected":false},"author":1,"featured_media":77290,"comment_status":"closed","ping_status":"closed","sticky":false,"template":"","format":"standard","meta":{"footnotes":""},"categories":[30,36],"tags":[],"class_list":["post-77289","post","type-post","status-publish","format-standard","has-post-thumbnail","hentry","category-destacado","category-edomex"],"_links":{"self":[{"href":"https:\/\/elinformante.mx\/index.php?rest_route=\/wp\/v2\/posts\/77289","targetHints":{"allow":["GET"]}}],"collection":[{"href":"https:\/\/elinformante.mx\/index.php?rest_route=\/wp\/v2\/posts"}],"about":[{"href":"https:\/\/elinformante.mx\/index.php?rest_route=\/wp\/v2\/types\/post"}],"author":[{"embeddable":true,"href":"https:\/\/elinformante.mx\/index.php?rest_route=\/wp\/v2\/users\/1"}],"replies":[{"embeddable":true,"href":"https:\/\/elinformante.mx\/index.php?rest_route=%2Fwp%2Fv2%2Fcomments&post=77289"}],"version-history":[{"count":0,"href":"https:\/\/elinformante.mx\/index.php?rest_route=\/wp\/v2\/posts\/77289\/revisions"}],"wp:featuredmedia":[{"embeddable":true,"href":"https:\/\/elinformante.mx\/index.php?rest_route=\/wp\/v2\/media\/77290"}],"wp:attachment":[{"href":"https:\/\/elinformante.mx\/index.php?rest_route=%2Fwp%2Fv2%2Fmedia&parent=77289"}],"wp:term":[{"taxonomy":"category","embeddable":true,"href":"https:\/\/elinformante.mx\/index.php?rest_route=%2Fwp%2Fv2%2Fcategories&post=77289"},{"taxonomy":"post_tag","embeddable":true,"href":"https:\/\/elinformante.mx\/index.php?rest_route=%2Fwp%2Fv2%2Ftags&post=77289"}],"curies":[{"name":"wp","href":"https:\/\/api.w.org\/{rel}","templated":true}]}}