{"id":77292,"date":"2025-03-05T06:16:37","date_gmt":"2025-03-05T12:16:37","guid":{"rendered":"https:\/\/elinformante.mx\/?p=77292"},"modified":"2025-03-05T06:16:40","modified_gmt":"2025-03-05T12:16:40","slug":"arranca-la-aeroexpo-2025-edomex-se-consolida-como-destino-de-inversion-y-generacion-de-empleos-laura-gonzalez","status":"publish","type":"post","link":"https:\/\/elinformante.mx\/?p=77292","title":{"rendered":"Arranca la Aeroexpo 2025\u2026 Edom\u00e9x se consolida como destino de inversi\u00f3n y generaci\u00f3n de empleos: Laura Gonz\u00e1lez"},"content":{"rendered":"\n<figure class=\"wp-block-pullquote\"><blockquote><p>Afirma Titular de Sedeco que el Edom\u00e9x es la segunda econom\u00eda m\u00e1s importante del pa\u00eds y ocupa el primer lugar nacional en creaci\u00f3n de empleos con 100 mil 602 nuevos puestos de trabajo.<\/p><\/blockquote><\/figure>\n\n\n\n<p class=\"has-drop-cap\">Para la Gobernadora Delfina G\u00f3mez \u00c1lvarez, la aeron\u00e1utica espacial es una industria que pertenece a un sector prioritario a detonar, junto con la electromovilidad, las tecnolog\u00edas, los semiconductores, el sector el\u00e9ctrico y electr\u00f3nico, as\u00ed como las energ\u00edas renovables dentro del Plan M\u00e9xico, como parte del Corredor Centro AIFA, destac\u00f3 Laura Gonz\u00e1lez Hern\u00e1ndez, Secretar\u00eda de Desarrollo Econ\u00f3mico.<br><\/p>\n\n\n\n<p>Al inaugurar la Exposici\u00f3n y Convenci\u00f3n Internacional de Aviaci\u00f3n \u201cAero Expo 2025\u201d, se\u00f1al\u00f3 que \u201cel Estado de M\u00e9xico ocup\u00f3 el primer lugar a nivel nacional en la creaci\u00f3n de empleo formal con 100 mil 602 nuevos puestos de trabajo formales, lo que representa el 32 por ciento del total generado a nivel nacional.\u201d<br><\/p>\n\n\n\n<p>Por ello, eventos como la d\u00e9cima novena edici\u00f3n \u201cAero Expo 2025\u201d reafirman la posici\u00f3n estrat\u00e9gica del Estado de M\u00e9xico, como generador de desarrollo econ\u00f3mico, \u201cconfiamos que estos d\u00edas ser\u00e1n de gran utilidad para el fortalecimiento del sector, fomentando un ambiente de negocios din\u00e1mico y enriquecedor para la aviaci\u00f3n ejecutiva y privada de la regi\u00f3n\u201d, afirm\u00f3 la Secretaria Laura Gonz\u00e1lez.<br><\/p>\n\n\n\n<p>Desde el Aeropuerto Internacional de Toluca \u201cAdolfo L\u00f3pez Mateos\u201d (AIT), sede de la \u201cAero Expo 2025\u201d, se\u00f1al\u00f3 que a largo de su trayectoria esta terminal a\u00e9rea se ha consolidado como la principal terminal de vuelos ejecutivos del pa\u00eds.<br><\/p>\n\n\n\n<figure class=\"wp-block-image size-large\"><img fetchpriority=\"high\" decoding=\"async\" width=\"1024\" height=\"506\" src=\"https:\/\/elinformante.mx\/wp-content\/uploads\/2025\/03\/7arranca-3-1024x506.jpg\" alt=\"\" class=\"wp-image-77294\" srcset=\"https:\/\/elinformante.mx\/wp-content\/uploads\/2025\/03\/7arranca-3-1024x506.jpg 1024w, https:\/\/elinformante.mx\/wp-content\/uploads\/2025\/03\/7arranca-3-300x148.jpg 300w, https:\/\/elinformante.mx\/wp-content\/uploads\/2025\/03\/7arranca-3-768x379.jpg 768w, https:\/\/elinformante.mx\/wp-content\/uploads\/2025\/03\/7arranca-3.jpg 1140w\" sizes=\"(max-width: 1024px) 100vw, 1024px\" \/><\/figure>\n\n\n\n<p>En 2024, el AIT registr\u00f3 m\u00e1s de 79 mil 500 operaciones, traslad\u00f3 a 1.7 millones de pasajeros; adem\u00e1s, ocupa el sexto lugar nacional en aviaci\u00f3n de carga, al movilizar 39 mil toneladas anuales.<br><\/p>\n\n\n\n<p>El AIT se ha consolidado como el nodo log\u00edstico m\u00e1s importante de M\u00e9xico, al forma parte del Sistema Metropolitano de Aeropuertos (SMA), junto con el Aeropuerto Internacional Felipe \u00c1ngeles (AIFA) y el Aeropuerto Internacional de la Ciudad de M\u00e9xico (AICM).<br><\/p>\n\n\n\n<p>Sumado a ello, la proximidad con la Ciudad de M\u00e9xico y el Estado de Hidalgo ha sido un factor determinante para la atracci\u00f3n de inversi\u00f3n, conformando -las tres entidades- el mercado de consumo m\u00e1s grande de M\u00e9xico, con 30.3 millones de habitantes.<br><\/p>\n\n\n\n<p>Jos\u00e9 Carlos Vera Vidal, Director General y Administrador del AIT, resalt\u00f3 que M\u00e9xico es un gigante en el rubro, ocupando el segundo lugar a nivel internacional en aviaci\u00f3n ejecutiva, con m\u00e1s de cinco mil aeronaves privadas, cerca de 900 dedicadas al ramo ejecutivo; el AIT atiende una tercera parte de estas operaciones a nivel nacional, con un aproximado de seis mil al mes.<\/p>\n","protected":false},"excerpt":{"rendered":"<p>Afirma Titular de Sedeco que el Edom\u00e9x es la segunda econom\u00eda m\u00e1s importante del pa\u00eds y ocupa el primer lugar nacional en creaci\u00f3n de empleos con 100 mil 602 nuevos puestos de trabajo. Para la Gobernadora Delfina G\u00f3mez \u00c1lvarez, la aeron\u00e1utica espacial es una industria que pertenece a un sector prioritario a detonar, junto con [&hellip;]<\/p>\n","protected":false},"author":1,"featured_media":77293,"comment_status":"closed","ping_status":"closed","sticky":false,"template":"","format":"standard","meta":{"footnotes":""},"categories":[30,36,31],"tags":[],"class_list":["post-77292","post","type-post","status-publish","format-standard","has-post-thumbnail","hentry","category-destacado","category-edomex","category-portada"],"_links":{"self":[{"href":"https:\/\/elinformante.mx\/index.php?rest_route=\/wp\/v2\/posts\/77292","targetHints":{"allow":["GET"]}}],"collection":[{"href":"https:\/\/elinformante.mx\/index.php?rest_route=\/wp\/v2\/posts"}],"about":[{"href":"https:\/\/elinformante.mx\/index.php?rest_route=\/wp\/v2\/types\/post"}],"author":[{"embeddable":true,"href":"https:\/\/elinformante.mx\/index.php?rest_route=\/wp\/v2\/users\/1"}],"replies":[{"embeddable":true,"href":"https:\/\/elinformante.mx\/index.php?rest_route=%2Fwp%2Fv2%2Fcomments&post=77292"}],"version-history":[{"count":0,"href":"https:\/\/elinformante.mx\/index.php?rest_route=\/wp\/v2\/posts\/77292\/revisions"}],"wp:featuredmedia":[{"embeddable":true,"href":"https:\/\/elinformante.mx\/index.php?rest_route=\/wp\/v2\/media\/77293"}],"wp:attachment":[{"href":"https:\/\/elinformante.mx\/index.php?rest_route=%2Fwp%2Fv2%2Fmedia&parent=77292"}],"wp:term":[{"taxonomy":"category","embeddable":true,"href":"https:\/\/elinformante.mx\/index.php?rest_route=%2Fwp%2Fv2%2Fcategories&post=77292"},{"taxonomy":"post_tag","embeddable":true,"href":"https:\/\/elinformante.mx\/index.php?rest_route=%2Fwp%2Fv2%2Ftags&post=77292"}],"curies":[{"name":"wp","href":"https:\/\/api.w.org\/{rel}","templated":true}]}}