{"id":77296,"date":"2025-03-05T06:28:10","date_gmt":"2025-03-05T12:28:10","guid":{"rendered":"https:\/\/elinformante.mx\/?p=77296"},"modified":"2025-03-05T06:28:13","modified_gmt":"2025-03-05T12:28:13","slug":"delfina-gomez-y-horacio-duarte-reafirman-apoyo-de-mexiquenses-a-sheinbaum","status":"publish","type":"post","link":"https:\/\/elinformante.mx\/?p=77296","title":{"rendered":"Delfina G\u00f3mez y Horacio Duarte reafirman apoyo de mexiquenses a Sheinbaum"},"content":{"rendered":"\n<figure class=\"wp-block-pullquote\"><blockquote><p>La gobernadora Defina G\u00f3mez garantiz\u00f3 que habr\u00e1 al menos 120 mil mexiquenses el 9 de marzo en la Plaza de la Constituci\u00f3n<\/p><\/blockquote><\/figure>\n\n\n\n<p class=\"has-drop-cap\">Se reunieron la presidenta Claudia Sheinbaum y la gobernadora del Estado de M\u00e9xico, Delfina G\u00f3mez, junto con Presidentas y Presidentes Municipales, Diputadas y Diputados federales y locales del Estado de M\u00e9xico.<br><\/p>\n\n\n\n<p>Este encuentro sucede previo a la asamblea informativa que se llevar\u00e1 a cabo el domingo 9 de marzo en el Z\u00f3calo capitalino, donde se dar\u00e1n a conocer las medidas arancelarias y no arancelarias ante las tarifas impuestas por Estados Unidos.<br><\/p>\n\n\n\n<p>El marco para la reuni\u00f3n entre ambas mandatarias fue el Museo de la Secretar\u00eda de Hacienda y Cr\u00e9dito P\u00fablico (Antiguo Palacio del Arzobispado) a unos metros de Palacio Nacional.<br><\/p>\n\n\n\n<p>Alrededor de las 20:00 hrs la presidenta Claudia Sheinbaum sali\u00f3 acompa\u00f1ada de su coordinador de su Ayudant\u00eda, Jos\u00e9 Juan Ram\u00edrez Mendoza, para ingresar a dicho museo.<br><\/p>\n\n\n\n<p>Durante media hora aproximadamente la presidenta y la gobernadora estuvieron dialogando. La gobernadora Delfina G\u00f3mez se\u00f1al\u00f3 que los liderazgos mexiquenses se comprometieron a invitar a la ciudadan\u00eda a asistir al Z\u00f3calo el domingo, y garantiz\u00f3 que habr\u00e1 al menos 120 mil ciudadanos de esa entidad en el acto.<br><\/p>\n\n\n\n<figure class=\"wp-block-image size-large\"><img fetchpriority=\"high\" decoding=\"async\" width=\"1024\" height=\"506\" src=\"https:\/\/elinformante.mx\/wp-content\/uploads\/2025\/03\/8-delfina-2-1024x506.jpg\" alt=\"\" class=\"wp-image-77298\" srcset=\"https:\/\/elinformante.mx\/wp-content\/uploads\/2025\/03\/8-delfina-2-1024x506.jpg 1024w, https:\/\/elinformante.mx\/wp-content\/uploads\/2025\/03\/8-delfina-2-300x148.jpg 300w, https:\/\/elinformante.mx\/wp-content\/uploads\/2025\/03\/8-delfina-2-768x379.jpg 768w, https:\/\/elinformante.mx\/wp-content\/uploads\/2025\/03\/8-delfina-2.jpg 1140w\" sizes=\"(max-width: 1024px) 100vw, 1024px\" \/><\/figure>\n\n\n\n<p>\u201cYa nosotros efectivamente pues invitamos a nuestros presidentes municipales, a los diputados locales y federales a que inviten a la ciudadan\u00eda, a que inviten a todos a que puedan asistir este pr\u00f3ximo domingo, es un acto no solamente de empat\u00eda o solidaridad con nuestra presidenta, sino un acto en donde podemos refrendar que para M\u00e9xico nuestra parte es primero\u2026\u201d.<br><\/p>\n\n\n\n<p>G\u00f3mez \u00c1lvarez agreg\u00f3 que Sheinbaum Pardo les pidi\u00f3 tener participaci\u00f3n en la reflexi\u00f3n como representantes del pueblo y trabajar de manera digna.<br><\/p>\n\n\n\n<p>La Gobernadora Delfina G\u00f3mez y el Secretario de Gobierno Horacio Duarte le reafirmaron que en el Estado de M\u00e9xico se cree fielmente en lo dicho por la presidenta, adem\u00e1s le hizo part\u00edcipe de que est\u00e1n m\u00e1s que convencidos que cerrar filas con su ideolog\u00eda es lo correcto.<br><\/p>\n\n\n\n<p>Duarte apunt\u00f3 que apoyar\u00e1n a la Presidenta; \u201cEstamos ayudando, estamos ayudando\u2026 Listos para el apoyo a la presidenta\u2026 Siempre es importante coordinarnos bien para que, siempre el Estado de M\u00e9xico ha participado en las movilizaciones de nuestros temas\u201d, resalt\u00f3.<br><\/p>\n\n\n\n<p>Azucena Cisneros, presidenta municipal de Ecatepec, se\u00f1al\u00f3 que se comprometieron a cerrar filas con la titular del Ejecutivo federal.<br><\/p>\n\n\n\n<p>\u201cNosotros lo que nos comprometimos es a que vamos a cerrar filas, a eso venimos a cerrar filas con el pa\u00eds, con todo el pa\u00eds, nuestros municipios para trabajar, para estar y que la soberan\u00eda ni se vende y se respeta\u201d, agreg\u00f3.<\/p>\n\n\n\n<p><\/p>\n","protected":false},"excerpt":{"rendered":"<p>La gobernadora Defina G\u00f3mez garantiz\u00f3 que habr\u00e1 al menos 120 mil mexiquenses el 9 de marzo en la Plaza de la Constituci\u00f3n Se reunieron la presidenta Claudia Sheinbaum y la gobernadora del Estado de M\u00e9xico, Delfina G\u00f3mez, junto con Presidentas y Presidentes Municipales, Diputadas y Diputados federales y locales del Estado de M\u00e9xico. Este encuentro [&hellip;]<\/p>\n","protected":false},"author":1,"featured_media":77297,"comment_status":"closed","ping_status":"closed","sticky":false,"template":"","format":"standard","meta":{"footnotes":""},"categories":[30,36,31],"tags":[46],"class_list":["post-77296","post","type-post","status-publish","format-standard","has-post-thumbnail","hentry","category-destacado","category-edomex","category-portada","tag-portadaedomex"],"_links":{"self":[{"href":"https:\/\/elinformante.mx\/index.php?rest_route=\/wp\/v2\/posts\/77296","targetHints":{"allow":["GET"]}}],"collection":[{"href":"https:\/\/elinformante.mx\/index.php?rest_route=\/wp\/v2\/posts"}],"about":[{"href":"https:\/\/elinformante.mx\/index.php?rest_route=\/wp\/v2\/types\/post"}],"author":[{"embeddable":true,"href":"https:\/\/elinformante.mx\/index.php?rest_route=\/wp\/v2\/users\/1"}],"replies":[{"embeddable":true,"href":"https:\/\/elinformante.mx\/index.php?rest_route=%2Fwp%2Fv2%2Fcomments&post=77296"}],"version-history":[{"count":0,"href":"https:\/\/elinformante.mx\/index.php?rest_route=\/wp\/v2\/posts\/77296\/revisions"}],"wp:featuredmedia":[{"embeddable":true,"href":"https:\/\/elinformante.mx\/index.php?rest_route=\/wp\/v2\/media\/77297"}],"wp:attachment":[{"href":"https:\/\/elinformante.mx\/index.php?rest_route=%2Fwp%2Fv2%2Fmedia&parent=77296"}],"wp:term":[{"taxonomy":"category","embeddable":true,"href":"https:\/\/elinformante.mx\/index.php?rest_route=%2Fwp%2Fv2%2Fcategories&post=77296"},{"taxonomy":"post_tag","embeddable":true,"href":"https:\/\/elinformante.mx\/index.php?rest_route=%2Fwp%2Fv2%2Ftags&post=77296"}],"curies":[{"name":"wp","href":"https:\/\/api.w.org\/{rel}","templated":true}]}}