{"id":77300,"date":"2025-03-05T06:32:18","date_gmt":"2025-03-05T12:32:18","guid":{"rendered":"https:\/\/elinformante.mx\/?p=77300"},"modified":"2025-03-05T06:32:19","modified_gmt":"2025-03-05T12:32:19","slug":"se-vuelve-loca-la-cdmx-tras-marcha-de-locatarios-de-mercados-publicos","status":"publish","type":"post","link":"https:\/\/elinformante.mx\/?p=77300","title":{"rendered":"Se vuelve loca la CDMX tras marcha de locatarios de mercados p\u00fablicos"},"content":{"rendered":"\n<figure class=\"wp-block-pullquote\"><blockquote><p>Con globos de distintos colores y carteles con los nombres de sus mercados y con leyendas que dicen \u201ces nuestra historia; nuestro patrimonio\u201d, los locatarios claman \u201cmercados unidos, jam\u00e1s ser\u00e1n vencidos\u201d.<\/p><\/blockquote><\/figure>\n\n\n\n<p class=\"has-drop-cap\">Cientos de locatarios de mercados p\u00fablicos de la Ciudad de M\u00e9xico marchan para demandar que haya una regularizaci\u00f3n homologada y se incluyan, en los lineamientos que entrar\u00e1n en vigor el 8 de julio, a los locales que brindan otros servicios.<br><\/p>\n\n\n\n<p>La marcha comenz\u00f3 cerca de las 9 horas en diferentes puntos de la ciudad, incluyendo la estaci\u00f3n Viaducto de la l\u00ednea 2 del Metro, el Hemiciclo a Ju\u00e1rez, el Parque de los Periodistas Ilustres y el Mercado de la Merced.<br><\/p>\n\n\n\n<p>Los manifestantes se diriger\u00f3n al Z\u00f3calo de la Ciudad de M\u00e9xico, donde se encuentran las oficinas centrales del Gobierno de la Ciudad de M\u00e9xico.<br><\/p>\n\n\n\n<figure class=\"wp-block-image size-large\"><img fetchpriority=\"high\" decoding=\"async\" width=\"1024\" height=\"506\" src=\"https:\/\/elinformante.mx\/wp-content\/uploads\/2025\/03\/6se-vuelve-1024x506.jpg\" alt=\"\" class=\"wp-image-77302\" srcset=\"https:\/\/elinformante.mx\/wp-content\/uploads\/2025\/03\/6se-vuelve-1024x506.jpg 1024w, https:\/\/elinformante.mx\/wp-content\/uploads\/2025\/03\/6se-vuelve-300x148.jpg 300w, https:\/\/elinformante.mx\/wp-content\/uploads\/2025\/03\/6se-vuelve-768x379.jpg 768w, https:\/\/elinformante.mx\/wp-content\/uploads\/2025\/03\/6se-vuelve.jpg 1140w\" sizes=\"(max-width: 1024px) 100vw, 1024px\" \/><\/figure>\n\n\n\n<p>Los comerciantes tambi\u00e9n denunciaron presuntos actos de corrupci\u00f3n a los que han sido expuestos durante el tr\u00e1mite de su regularizaci\u00f3n.<br><\/p>\n\n\n\n<p>Algunas de las avenidas afectadas fueron Av. Paseo de la Reforma, Eje Central L\u00e1zaro C\u00e1rdenas, Av. Fray Servando Teresa de Mier, Calz de Tlalpan, Av. Insurgentes, Av. Xola, Av. Cuauht\u00e9moc, Av. Observatorio y Av. Congreso de la Uni\u00f3n.<br><\/p>\n\n\n\n<p>Por su parte, alrededor de 120 comerciantes reunidos en el Hemiciclo a Ju\u00e1rez ya comienzan a avanzar sobre el carril para bicicletas de Avenida Ju\u00e1rez.<br><\/p>\n\n\n\n<p>Con globos de distintos colores y carteles con los nombres de sus mercados y con leyendas que dicen \u201ces nuestra historia; nuestro patrimonio\u201d, los locatarios claman \u201cmercados unidos, jam\u00e1s ser\u00e1n vencidos\u201d.<\/p>\n","protected":false},"excerpt":{"rendered":"<p>Con globos de distintos colores y carteles con los nombres de sus mercados y con leyendas que dicen \u201ces nuestra historia; nuestro patrimonio\u201d, los locatarios claman \u201cmercados unidos, jam\u00e1s ser\u00e1n vencidos\u201d. Cientos de locatarios de mercados p\u00fablicos de la Ciudad de M\u00e9xico marchan para demandar que haya una regularizaci\u00f3n homologada y se incluyan, en los [&hellip;]<\/p>\n","protected":false},"author":1,"featured_media":77301,"comment_status":"closed","ping_status":"closed","sticky":false,"template":"","format":"standard","meta":{"footnotes":""},"categories":[35],"tags":[],"class_list":["post-77300","post","type-post","status-publish","format-standard","has-post-thumbnail","hentry","category-cdmx"],"_links":{"self":[{"href":"https:\/\/elinformante.mx\/index.php?rest_route=\/wp\/v2\/posts\/77300","targetHints":{"allow":["GET"]}}],"collection":[{"href":"https:\/\/elinformante.mx\/index.php?rest_route=\/wp\/v2\/posts"}],"about":[{"href":"https:\/\/elinformante.mx\/index.php?rest_route=\/wp\/v2\/types\/post"}],"author":[{"embeddable":true,"href":"https:\/\/elinformante.mx\/index.php?rest_route=\/wp\/v2\/users\/1"}],"replies":[{"embeddable":true,"href":"https:\/\/elinformante.mx\/index.php?rest_route=%2Fwp%2Fv2%2Fcomments&post=77300"}],"version-history":[{"count":0,"href":"https:\/\/elinformante.mx\/index.php?rest_route=\/wp\/v2\/posts\/77300\/revisions"}],"wp:featuredmedia":[{"embeddable":true,"href":"https:\/\/elinformante.mx\/index.php?rest_route=\/wp\/v2\/media\/77301"}],"wp:attachment":[{"href":"https:\/\/elinformante.mx\/index.php?rest_route=%2Fwp%2Fv2%2Fmedia&parent=77300"}],"wp:term":[{"taxonomy":"category","embeddable":true,"href":"https:\/\/elinformante.mx\/index.php?rest_route=%2Fwp%2Fv2%2Fcategories&post=77300"},{"taxonomy":"post_tag","embeddable":true,"href":"https:\/\/elinformante.mx\/index.php?rest_route=%2Fwp%2Fv2%2Ftags&post=77300"}],"curies":[{"name":"wp","href":"https:\/\/api.w.org\/{rel}","templated":true}]}}