{"id":77304,"date":"2025-03-05T06:33:29","date_gmt":"2025-03-05T12:33:29","guid":{"rendered":"https:\/\/elinformante.mx\/?p=77304"},"modified":"2025-03-05T06:33:32","modified_gmt":"2025-03-05T12:33:32","slug":"secretaria-del-trabajo-y-coparmex-cdmx-firman-convenio-para-impulsar-la-generacion-de-empleo","status":"publish","type":"post","link":"https:\/\/elinformante.mx\/?p=77304","title":{"rendered":"Secretaria del Trabajo y Coparmex CDMX firman convenio para impulsar la generaci\u00f3n de empleo"},"content":{"rendered":"\n<figure class=\"wp-block-pullquote\"><blockquote><p>-Buscan generar oportunidades de empleo, fomentar la capacitaci\u00f3n laboral y fortalecer la alianza entre el sector p\u00fablico y empresarial para el desarrollo econ\u00f3mico de la Ciudad de M\u00e9xico<\/p><\/blockquote><\/figure>\n\n\n\n<p class=\"has-drop-cap\">La Secretaria de Trabajo y Fomento al Empleo, In\u00e9s Gonz\u00e1lez Nicol\u00e1s, y el presidente de la Confederaci\u00f3n Patronal de la Rep\u00fablica Mexicana en la Ciudad de M\u00e9xico (COPARMEX CDMX), Adalberto Ortiz \u00c1valos, firmaron un convenio de colaboraci\u00f3n para impulsar la generaci\u00f3n de empleos formales en la capital del pa\u00eds.<br><\/p>\n\n\n\n<p>Dicho convenio busca generar oportunidades de empleo, fomentar la capacitaci\u00f3n laboral y fortalecer la alianza entre el sector p\u00fablico y empresarial para el desarrollo econ\u00f3mico de la Ciudad de M\u00e9xico, que impulsa la Jefa de Gobierno, Clara Brugada Molina.<br><\/p>\n\n\n\n<p>En las instalaciones de la Secretar\u00eda de Trabajo y Fomento al Empleo (STyFE), In\u00e9s Gonz\u00e1lez Nicol\u00e1s, precis\u00f3 que, este convenio integra una serie de puntos e indicadores concretos para fomentar el trabajo formal y a su vez contrarrestar la informalidad laboral.<br><\/p>\n\n\n\n<figure class=\"wp-block-image size-large\"><img fetchpriority=\"high\" decoding=\"async\" width=\"1024\" height=\"506\" src=\"https:\/\/elinformante.mx\/wp-content\/uploads\/2025\/03\/6secretaria-1024x506.jpg\" alt=\"\" class=\"wp-image-77306\" srcset=\"https:\/\/elinformante.mx\/wp-content\/uploads\/2025\/03\/6secretaria-1024x506.jpg 1024w, https:\/\/elinformante.mx\/wp-content\/uploads\/2025\/03\/6secretaria-300x148.jpg 300w, https:\/\/elinformante.mx\/wp-content\/uploads\/2025\/03\/6secretaria-768x379.jpg 768w, https:\/\/elinformante.mx\/wp-content\/uploads\/2025\/03\/6secretaria.jpg 1140w\" sizes=\"(max-width: 1024px) 100vw, 1024px\" \/><\/figure>\n\n\n\n<p>Por su parte, Adalberto Ortiz \u00c1valos, explic\u00f3 que la formaci\u00f3n de empresas y emprendedores tambi\u00e9n son parte de una pol\u00edtica social \u201ctenemos que estar a la altura de las circunstancias y buscar crear empleos dignos, que sean un motor de identidad y de felicidad para las y los trabajadores\u201d.<br><\/p>\n\n\n\n<p>Derivado de la firma de este convenio, la Secretaria de Trabajo, anunci\u00f3 la creaci\u00f3n de una comisi\u00f3n con integrantes de la STyFE y la COPARMEX CDMX, para dar seguimiento a la ruta de acciones a realizar para lograr los objetivos planteados.<br><\/p>\n\n\n\n<p>En este sentido, el presidente de la COPARMEX CDMX, puntualiz\u00f3 que dicha comisi\u00f3n va sesionar peri\u00f3dicamente para realizar una evaluaci\u00f3n paulatina de los resultados que aporten ambas partes.<br><\/p>\n\n\n\n<p>Cabe destacar que este convenio se deriva del \u201cMemor\u00e1ndum de entendimiento sobre el trabajo digno y productivo\u201d, que llev\u00f3 a cabo la Secretar\u00eda de Trabajo y Fomento al Empleo con representaciones de los sectores empresariales y sindicales, durante el pasado mes de enero.<\/p>\n","protected":false},"excerpt":{"rendered":"<p>-Buscan generar oportunidades de empleo, fomentar la capacitaci\u00f3n laboral y fortalecer la alianza entre el sector p\u00fablico y empresarial para el desarrollo econ\u00f3mico de la Ciudad de M\u00e9xico La Secretaria de Trabajo y Fomento al Empleo, In\u00e9s Gonz\u00e1lez Nicol\u00e1s, y el presidente de la Confederaci\u00f3n Patronal de la Rep\u00fablica Mexicana en la Ciudad de M\u00e9xico [&hellip;]<\/p>\n","protected":false},"author":1,"featured_media":77305,"comment_status":"closed","ping_status":"closed","sticky":false,"template":"","format":"standard","meta":{"footnotes":""},"categories":[35,30],"tags":[],"class_list":["post-77304","post","type-post","status-publish","format-standard","has-post-thumbnail","hentry","category-cdmx","category-destacado"],"_links":{"self":[{"href":"https:\/\/elinformante.mx\/index.php?rest_route=\/wp\/v2\/posts\/77304","targetHints":{"allow":["GET"]}}],"collection":[{"href":"https:\/\/elinformante.mx\/index.php?rest_route=\/wp\/v2\/posts"}],"about":[{"href":"https:\/\/elinformante.mx\/index.php?rest_route=\/wp\/v2\/types\/post"}],"author":[{"embeddable":true,"href":"https:\/\/elinformante.mx\/index.php?rest_route=\/wp\/v2\/users\/1"}],"replies":[{"embeddable":true,"href":"https:\/\/elinformante.mx\/index.php?rest_route=%2Fwp%2Fv2%2Fcomments&post=77304"}],"version-history":[{"count":0,"href":"https:\/\/elinformante.mx\/index.php?rest_route=\/wp\/v2\/posts\/77304\/revisions"}],"wp:featuredmedia":[{"embeddable":true,"href":"https:\/\/elinformante.mx\/index.php?rest_route=\/wp\/v2\/media\/77305"}],"wp:attachment":[{"href":"https:\/\/elinformante.mx\/index.php?rest_route=%2Fwp%2Fv2%2Fmedia&parent=77304"}],"wp:term":[{"taxonomy":"category","embeddable":true,"href":"https:\/\/elinformante.mx\/index.php?rest_route=%2Fwp%2Fv2%2Fcategories&post=77304"},{"taxonomy":"post_tag","embeddable":true,"href":"https:\/\/elinformante.mx\/index.php?rest_route=%2Fwp%2Fv2%2Ftags&post=77304"}],"curies":[{"name":"wp","href":"https:\/\/api.w.org\/{rel}","templated":true}]}}