{"id":77308,"date":"2025-03-05T06:37:28","date_gmt":"2025-03-05T12:37:28","guid":{"rendered":"https:\/\/elinformante.mx\/?p=77308"},"modified":"2025-03-05T06:37:43","modified_gmt":"2025-03-05T12:37:43","slug":"impone-la-cdmx-nuevas-medidas-para-usuarios-de-scooters-y-motos-electricas","status":"publish","type":"post","link":"https:\/\/elinformante.mx\/?p=77308","title":{"rendered":"Impone la CDMX nuevas medidas para usuarios de scooters y motos el\u00e9ctricas"},"content":{"rendered":"\n<p>El Gobierno de la Ciudad de M\u00e9xico anunci\u00f3 nuevas medidas para regular el uso de veh\u00edculos que cuentan con una velocidad de desplazamiento no mayor a 25 kil\u00f3metros por hora, como motocicletas el\u00e9ctricas y scooters.<br><\/p>\n\n\n\n<p class=\"has-drop-cap\">En el caso de las motos el\u00e9ctricas deber\u00e1n sujetarse a las normas de regulaci\u00f3n de veh\u00edculos motorizado; por lo que no podr\u00e1n circular por ciclov\u00edas, carriles confinados y banquetas; adem\u00e1s deber\u00e1n portar placas, y el conductor tendr\u00e1 que tramitar una tarjeta de circulaci\u00f3n, usar casco y luces. Tambi\u00e9n quienes cuenten con permisos de otros estados, deber\u00e1n registrarse ante la Secretar\u00eda de Movilidad de la Ciudad de M\u00e9xico.<br><\/p>\n\n\n\n<p>En cuanto a scooters y patines, deben sujetarse a los lineamientos de veh\u00edculos no motorizado por lo que pueden avanzar en ciclov\u00edas, indicando sus cambios de direcci\u00f3n; pero tienen prohibido circular por banquetas, por carriles exclusivos del transporte p\u00fablico, as\u00ed como zonas confinadas.<br><\/p>\n\n\n\n<p>\u201cEstoy segura de que estas modificaciones van a salvar vidas y evitar accidentes, contribuir a una mejor circulaci\u00f3n de veh\u00edculos en la Ciudad de M\u00e9xico\u201d, dijo la jefa de Gobierno Clara Brugada Molina.<br><\/p>\n\n\n\n<p>Descartaron que se vayan a endurecer las sanciones contra los ciclistas, queremos que esta ciudad sea una ciudad bicicletera; reitero que buscan garantizar la seguridad de los peatones y conductores de veh\u00edculos no motorizados.<br><\/p>\n\n\n\n<p>H\u00e9ctor Ulises Garc\u00eda Nieto, Secretario de Movilidad reiter\u00f3 las reglas establecidas son para reducir los accidentes en la capital. \u201cEstamos desarrollando muchas m\u00e1s y establecer la diferenciaci\u00f3n como el uso de casco, chaleco antirreflejante y que van a permitir avanzar m\u00e1s\u201d, dijo.<br><\/p>\n\n\n\n<p>En la Ciudad de M\u00e9xico se registraron 19 mil 307 accidentes de tr\u00e1nsito relacionados con motocicletas en el tercer trimestre de 2024; en este periodo hubo 106 fallecimientos por motivos de tr\u00e1nsito, el 46 por ciento eran usuarios motociclistas.<\/p>\n","protected":false},"excerpt":{"rendered":"<p>El Gobierno de la Ciudad de M\u00e9xico anunci\u00f3 nuevas medidas para regular el uso de veh\u00edculos que cuentan con una velocidad de desplazamiento no mayor a 25 kil\u00f3metros por hora, como motocicletas el\u00e9ctricas y scooters. En el caso de las motos el\u00e9ctricas deber\u00e1n sujetarse a las normas de regulaci\u00f3n de veh\u00edculos motorizado; por lo que [&hellip;]<\/p>\n","protected":false},"author":1,"featured_media":77309,"comment_status":"closed","ping_status":"closed","sticky":false,"template":"","format":"standard","meta":{"footnotes":""},"categories":[35],"tags":[],"class_list":["post-77308","post","type-post","status-publish","format-standard","has-post-thumbnail","hentry","category-cdmx"],"_links":{"self":[{"href":"https:\/\/elinformante.mx\/index.php?rest_route=\/wp\/v2\/posts\/77308","targetHints":{"allow":["GET"]}}],"collection":[{"href":"https:\/\/elinformante.mx\/index.php?rest_route=\/wp\/v2\/posts"}],"about":[{"href":"https:\/\/elinformante.mx\/index.php?rest_route=\/wp\/v2\/types\/post"}],"author":[{"embeddable":true,"href":"https:\/\/elinformante.mx\/index.php?rest_route=\/wp\/v2\/users\/1"}],"replies":[{"embeddable":true,"href":"https:\/\/elinformante.mx\/index.php?rest_route=%2Fwp%2Fv2%2Fcomments&post=77308"}],"version-history":[{"count":0,"href":"https:\/\/elinformante.mx\/index.php?rest_route=\/wp\/v2\/posts\/77308\/revisions"}],"wp:featuredmedia":[{"embeddable":true,"href":"https:\/\/elinformante.mx\/index.php?rest_route=\/wp\/v2\/media\/77309"}],"wp:attachment":[{"href":"https:\/\/elinformante.mx\/index.php?rest_route=%2Fwp%2Fv2%2Fmedia&parent=77308"}],"wp:term":[{"taxonomy":"category","embeddable":true,"href":"https:\/\/elinformante.mx\/index.php?rest_route=%2Fwp%2Fv2%2Fcategories&post=77308"},{"taxonomy":"post_tag","embeddable":true,"href":"https:\/\/elinformante.mx\/index.php?rest_route=%2Fwp%2Fv2%2Ftags&post=77308"}],"curies":[{"name":"wp","href":"https:\/\/api.w.org\/{rel}","templated":true}]}}