{"id":77311,"date":"2025-03-05T06:39:29","date_gmt":"2025-03-05T12:39:29","guid":{"rendered":"https:\/\/elinformante.mx\/?p=77311"},"modified":"2025-03-05T06:39:32","modified_gmt":"2025-03-05T12:39:32","slug":"clara-brugada-se-compromete-a-erradicar-la-brecha-salarial-en-la-cdmx","status":"publish","type":"post","link":"https:\/\/elinformante.mx\/?p=77311","title":{"rendered":"Clara Brugada se compromete a erradicar la Brecha Salarial en la CDMX"},"content":{"rendered":"\n<figure class=\"wp-block-pullquote\"><blockquote><p>Molina reconoci\u00f3 que, aunque las reformas y pol\u00edticas p\u00fablicas actuales buscan garantizar la igualdad de g\u00e9nero, a\u00fan existen desaf\u00edos por superar para alcanzar una sociedad verdaderamente equitativa.<\/p><\/blockquote><\/figure>\n\n\n\n<p class=\"has-drop-cap\">La jefa de Gobierno de la Ciudad de M\u00e9xico, Clara Brugada Molina, acompa\u00f1\u00f3 a las mujeres trabajadoras del gobierno capitalino en la conmemoraci\u00f3n del D\u00eda Internacional de las Mujeres, donde reiter\u00f3 su compromiso de garantizar que ninguna mujer gane menos que un hombre por realizar el mismo trabajo.<br><\/p>\n\n\n\n<p>\u201cHacer justicia a las mujeres implica que el trabajo de cuidados no sea \u00fanicamente una responsabilidad de ellas, sino una tarea compartida por la familia y el gobierno. Por ello, construiremos centros de cuidado infantil y trabajaremos en la mejora salarial\u201d, afirm\u00f3.<br><\/p>\n\n\n\n<figure class=\"wp-block-image size-large\"><img fetchpriority=\"high\" decoding=\"async\" width=\"1024\" height=\"506\" src=\"https:\/\/elinformante.mx\/wp-content\/uploads\/2025\/03\/5clara-1-1024x506.jpg\" alt=\"\" class=\"wp-image-77314\" srcset=\"https:\/\/elinformante.mx\/wp-content\/uploads\/2025\/03\/5clara-1-1024x506.jpg 1024w, https:\/\/elinformante.mx\/wp-content\/uploads\/2025\/03\/5clara-1-300x148.jpg 300w, https:\/\/elinformante.mx\/wp-content\/uploads\/2025\/03\/5clara-1-768x379.jpg 768w, https:\/\/elinformante.mx\/wp-content\/uploads\/2025\/03\/5clara-1.jpg 1140w\" sizes=\"(max-width: 1024px) 100vw, 1024px\" \/><\/figure>\n\n\n\n<p>Molina reconoci\u00f3 que, aunque las reformas y pol\u00edticas p\u00fablicas actuales buscan garantizar la igualdad de g\u00e9nero, a\u00fan existen desaf\u00edos por superar para alcanzar una sociedad verdaderamente equitativa.<br><\/p>\n\n\n\n<p>La Jefa de Gobierno expres\u00f3 su respaldo a la Presidenta Claudia Sheinbaum Pardo tras la imposici\u00f3n de aranceles a M\u00e9xico por parte del gobierno de Estados Unidos y anunci\u00f3 que la acompa\u00f1ar\u00e1 el pr\u00f3ximo domingo en una asamblea informativa en el Z\u00f3calo capitalino, donde se presentar\u00e1n medidas para enfrentar estas acciones.<\/p>\n","protected":false},"excerpt":{"rendered":"<p>Molina reconoci\u00f3 que, aunque las reformas y pol\u00edticas p\u00fablicas actuales buscan garantizar la igualdad de g\u00e9nero, a\u00fan existen desaf\u00edos por superar para alcanzar una sociedad verdaderamente equitativa. La jefa de Gobierno de la Ciudad de M\u00e9xico, Clara Brugada Molina, acompa\u00f1\u00f3 a las mujeres trabajadoras del gobierno capitalino en la conmemoraci\u00f3n del D\u00eda Internacional de las [&hellip;]<\/p>\n","protected":false},"author":1,"featured_media":77313,"comment_status":"closed","ping_status":"closed","sticky":false,"template":"","format":"standard","meta":{"footnotes":""},"categories":[35,30],"tags":[],"class_list":["post-77311","post","type-post","status-publish","format-standard","has-post-thumbnail","hentry","category-cdmx","category-destacado"],"_links":{"self":[{"href":"https:\/\/elinformante.mx\/index.php?rest_route=\/wp\/v2\/posts\/77311","targetHints":{"allow":["GET"]}}],"collection":[{"href":"https:\/\/elinformante.mx\/index.php?rest_route=\/wp\/v2\/posts"}],"about":[{"href":"https:\/\/elinformante.mx\/index.php?rest_route=\/wp\/v2\/types\/post"}],"author":[{"embeddable":true,"href":"https:\/\/elinformante.mx\/index.php?rest_route=\/wp\/v2\/users\/1"}],"replies":[{"embeddable":true,"href":"https:\/\/elinformante.mx\/index.php?rest_route=%2Fwp%2Fv2%2Fcomments&post=77311"}],"version-history":[{"count":0,"href":"https:\/\/elinformante.mx\/index.php?rest_route=\/wp\/v2\/posts\/77311\/revisions"}],"wp:featuredmedia":[{"embeddable":true,"href":"https:\/\/elinformante.mx\/index.php?rest_route=\/wp\/v2\/media\/77313"}],"wp:attachment":[{"href":"https:\/\/elinformante.mx\/index.php?rest_route=%2Fwp%2Fv2%2Fmedia&parent=77311"}],"wp:term":[{"taxonomy":"category","embeddable":true,"href":"https:\/\/elinformante.mx\/index.php?rest_route=%2Fwp%2Fv2%2Fcategories&post=77311"},{"taxonomy":"post_tag","embeddable":true,"href":"https:\/\/elinformante.mx\/index.php?rest_route=%2Fwp%2Fv2%2Ftags&post=77311"}],"curies":[{"name":"wp","href":"https:\/\/api.w.org\/{rel}","templated":true}]}}