{"id":77325,"date":"2025-03-05T06:47:54","date_gmt":"2025-03-05T12:47:54","guid":{"rendered":"https:\/\/elinformante.mx\/?p=77325"},"modified":"2025-03-05T06:48:02","modified_gmt":"2025-03-05T12:48:02","slug":"el-9-de-marzo-anunciaremos-las-acciones-en-respuesta-a-aranceles-de-eua-sheinbaum","status":"publish","type":"post","link":"https:\/\/elinformante.mx\/?p=77325","title":{"rendered":"\u201cEl 9 de marzo anunciaremos las acciones en respuesta a aranceles de EUA\u201d: Sheinbaum"},"content":{"rendered":"\n<figure class=\"wp-block-pullquote\"><blockquote><p>\u201cHago un llamado al pueblo de M\u00e9xico, a todas y a todos, a enfrentar juntos este desaf\u00edo. A mantenernos con unidad. Reitero, es tiempo de la defensa de M\u00e9xico y su soberan\u00eda. Debemos estar atentos y tener tranquilidad, cabeza fr\u00eda, es muy fuerte y poderoso nuestro pueblo y nuestra bendita Naci\u00f3n\u201d, destac\u00f3<br>\u201cCooperaci\u00f3n y coordinaci\u00f3n, s\u00ed; subordinaci\u00f3n, intervencionismo, no. A M\u00e9xico se le respeta, somos naciones iguales\u201d, agreg\u00f3<\/p><\/blockquote><\/figure>\n\n\n\n<p class=\"has-drop-cap\">La Presidenta Claudia Sheinbaum Pardo convoc\u00f3 al pueblo de M\u00e9xico a una asamblea informativa en el Z\u00f3calo de la Ciudad de M\u00e9xico, el pr\u00f3ximo domingo 9 de marzo, a las 12:00 horas, en la que dar\u00e1 a conocer las acciones arancelarias y no arancelarias que realizar\u00e1 en respuesta a la decisi\u00f3n unilateral del Gobierno de Estados Unidos de imponer 25% de aranceles a las exportaciones mexicanas, pese al Tratado Comercial que existe entre ambas naciones.<br><\/p>\n\n\n\n<p>\u201cConvoco a las mexicanas y mexicanos a una Asamblea Informativa en el Z\u00f3calo de la Ciudad de M\u00e9xico el pr\u00f3ximo domingo a las 12:00 del d\u00eda, para compartirles las acciones que emprenderemos. Y entre todos afrontar juntos este desaf\u00edo. Orgullosamente, somos un pa\u00eds libre, independiente y soberano. Juntas y juntos saldremos adelante\u201d, resalt\u00f3 durante su conferencia matutina: \u201cLas ma\u00f1aneras del pueblo\u201d.<br><\/p>\n\n\n\n<p>Destac\u00f3 que es tiempo de la defensa de M\u00e9xico y de su soberan\u00eda, con tranquilidad y cabeza fr\u00eda.<br><\/p>\n\n\n\n<p>Puntualiz\u00f3 que la aplicaci\u00f3n de medidas arancelarias y no arancelarias no tienen el prop\u00f3sito de iniciar una confrontaci\u00f3n econ\u00f3mica o comercial; sin embargo, asever\u00f3 que es inconcebible que no se piense en el da\u00f1o que se est\u00e1 haciendo a las econom\u00edas y a los pueblos de los dos pa\u00edses.<br><\/p>\n\n\n\n<p>Asegur\u00f3 que, desde el inicio de su administraci\u00f3n, el 1 de octubre de 2024, el Gobierno de M\u00e9xico ha encabezado acciones contundentes contra la delincuencia organizada y el tr\u00e1fico de fentanilo.<br><\/p>\n\n\n\n<p>Adem\u00e1s, inform\u00f3 que en estos cinco meses de gobierno se han asegurado: 6 mil 998 armas de fuego, de las cuales 75% provienen de Estados Unidos; 121.4 toneladas de drogas incluyendo mil 260 kilogramos y un mill\u00f3n 332 mil 126 pastillas de fentanilo; se han desmantelado 329 laboratorios clandestinos para la elaboraci\u00f3n de metanfetaminas e incautado la cifra hist\u00f3rica de 26.4 toneladas de coca\u00edna en operaciones mar\u00edtimas; se detuvieron 13 mil 858 personas por delitos de alto impacto; y recientemente fueron trasladados a Estados Unidos 29 personas privadas de su libertad acusadas de graves delitos relacionados con violencia y narcotr\u00e1fico a EUA, esto en beneficio de la seguridad de ambos pa\u00edses.<br><\/p>\n\n\n\n<p>Lo cual ha permitido disminuir 15% los homicidios dolosos, entre octubre 2024 y febrero 2025.<br><\/p>\n\n\n\n<p>La Jefa del Ejecutivo Federal puntualiz\u00f3 que el gobierno de Estados Unidos debe hacerse cargo de la crisis de consumo de opioides que ha causado tantas muertes en ese pa\u00eds, y que representa un problema de salud p\u00fablica profunda.<br><\/p>\n\n\n\n<p>Destac\u00f3 que, de acuerdo con un estudio del Instituto Cato de Washington, el 80 por ciento de los detenidos en los puertos de entrada de Estados Unidos por tr\u00e1fico de fentanilo, entre 2019 y 2024, fueron ciudadanos estadounidenses. Incluso, refiri\u00f3 que la Comisi\u00f3n de Sentencias de los Estados Unidos informa que el 81.9 por ciento de los procesados por tr\u00e1fico de drogas son de nacionalidad estadounidense.<br><\/p>\n\n\n\n<p>Record\u00f3 que el Departamento de Justicia de los Estados Unidos reconoci\u00f3, el pasado 8 de enero, que el 74 por ciento de las armas de alto poder incautadas en M\u00e9xico provienen ilegalmente de los Estados Unidos.<br><\/p>\n\n\n\n<p>Asegur\u00f3 que la econom\u00eda mexicana est\u00e1 fuerte, gracias a que desde hace seis a\u00f1os se ha fortalecido el mercado interno; se crean empleos mediante la inversi\u00f3n p\u00fablica; se aumenta el salario m\u00ednimo y se han fortalecido los Programas para el Bienestar.<br><\/p>\n\n\n\n<p>Se\u00f1al\u00f3 que el Gobierno de M\u00e9xico continuar\u00e1 buscando el di\u00e1logo con Estados Unidos para encontrar una alternativa con argumentos y racionalidad.<\/p>\n","protected":false},"excerpt":{"rendered":"<p>\u201cHago un llamado al pueblo de M\u00e9xico, a todas y a todos, a enfrentar juntos este desaf\u00edo. A mantenernos con unidad. Reitero, es tiempo de la defensa de M\u00e9xico y su soberan\u00eda. Debemos estar atentos y tener tranquilidad, cabeza fr\u00eda, es muy fuerte y poderoso nuestro pueblo y nuestra bendita Naci\u00f3n\u201d, destac\u00f3\u201cCooperaci\u00f3n y coordinaci\u00f3n, s\u00ed; [&hellip;]<\/p>\n","protected":false},"author":1,"featured_media":77326,"comment_status":"closed","ping_status":"closed","sticky":false,"template":"","format":"standard","meta":{"footnotes":""},"categories":[30,34],"tags":[],"class_list":["post-77325","post","type-post","status-publish","format-standard","has-post-thumbnail","hentry","category-destacado","category-nacional"],"_links":{"self":[{"href":"https:\/\/elinformante.mx\/index.php?rest_route=\/wp\/v2\/posts\/77325","targetHints":{"allow":["GET"]}}],"collection":[{"href":"https:\/\/elinformante.mx\/index.php?rest_route=\/wp\/v2\/posts"}],"about":[{"href":"https:\/\/elinformante.mx\/index.php?rest_route=\/wp\/v2\/types\/post"}],"author":[{"embeddable":true,"href":"https:\/\/elinformante.mx\/index.php?rest_route=\/wp\/v2\/users\/1"}],"replies":[{"embeddable":true,"href":"https:\/\/elinformante.mx\/index.php?rest_route=%2Fwp%2Fv2%2Fcomments&post=77325"}],"version-history":[{"count":0,"href":"https:\/\/elinformante.mx\/index.php?rest_route=\/wp\/v2\/posts\/77325\/revisions"}],"wp:featuredmedia":[{"embeddable":true,"href":"https:\/\/elinformante.mx\/index.php?rest_route=\/wp\/v2\/media\/77326"}],"wp:attachment":[{"href":"https:\/\/elinformante.mx\/index.php?rest_route=%2Fwp%2Fv2%2Fmedia&parent=77325"}],"wp:term":[{"taxonomy":"category","embeddable":true,"href":"https:\/\/elinformante.mx\/index.php?rest_route=%2Fwp%2Fv2%2Fcategories&post=77325"},{"taxonomy":"post_tag","embeddable":true,"href":"https:\/\/elinformante.mx\/index.php?rest_route=%2Fwp%2Fv2%2Ftags&post=77325"}],"curies":[{"name":"wp","href":"https:\/\/api.w.org\/{rel}","templated":true}]}}