{"id":77349,"date":"2025-03-05T16:39:05","date_gmt":"2025-03-05T22:39:05","guid":{"rendered":"https:\/\/elinformante.mx\/?p=77349"},"modified":"2025-03-05T16:39:07","modified_gmt":"2025-03-05T22:39:07","slug":"sheinbaum-asegura-que-mexico-respondera-a-los-aranceles-de-trump","status":"publish","type":"post","link":"https:\/\/elinformante.mx\/?p=77349","title":{"rendered":"SHEINBAUM ASEGURA QUE M\u00c9XICO RESPONDER\u00c1 A LOS ARANCELES DE TRUMP"},"content":{"rendered":"\n<p>En la ma\u00f1anera de este d\u00eda, la presidenta Claudia Sheinbaum Pardo asegur\u00f3 que M\u00e9xico responder\u00e1 a EU con aranceles, porque es \u201cun asunto de dignidad\u201d.\u00a0 \u00a0<\/p>\n\n\n\n<p>Sheinbaum, indic\u00f3 \u201cNosotros de mantenerse los aranceles, vamos a responder, es un asunto de dignidad\u201d. Tambi\u00e9n, destac\u00f3 que los aranceles se impusieron, a pesar de que M\u00e9xico hizo su tarea en materia de seguridad y econom\u00eda durante el mes de pausa a los impuestos.<\/p>\n","protected":false},"excerpt":{"rendered":"<p>En la ma\u00f1anera de este d\u00eda, la presidenta Claudia Sheinbaum Pardo asegur\u00f3 que M\u00e9xico responder\u00e1 a EU con aranceles, porque es \u201cun asunto de dignidad\u201d.\u00a0 \u00a0 Sheinbaum, indic\u00f3 \u201cNosotros de mantenerse los aranceles, vamos a responder, es un asunto de dignidad\u201d. Tambi\u00e9n, destac\u00f3 que los aranceles se impusieron, a pesar de que M\u00e9xico hizo su [&hellip;]<\/p>\n","protected":false},"author":2,"featured_media":77350,"comment_status":"closed","ping_status":"closed","sticky":false,"template":"","format":"standard","meta":{"footnotes":""},"categories":[33],"tags":[],"class_list":["post-77349","post","type-post","status-publish","format-standard","has-post-thumbnail","hentry","category-mundo"],"_links":{"self":[{"href":"https:\/\/elinformante.mx\/index.php?rest_route=\/wp\/v2\/posts\/77349","targetHints":{"allow":["GET"]}}],"collection":[{"href":"https:\/\/elinformante.mx\/index.php?rest_route=\/wp\/v2\/posts"}],"about":[{"href":"https:\/\/elinformante.mx\/index.php?rest_route=\/wp\/v2\/types\/post"}],"author":[{"embeddable":true,"href":"https:\/\/elinformante.mx\/index.php?rest_route=\/wp\/v2\/users\/2"}],"replies":[{"embeddable":true,"href":"https:\/\/elinformante.mx\/index.php?rest_route=%2Fwp%2Fv2%2Fcomments&post=77349"}],"version-history":[{"count":0,"href":"https:\/\/elinformante.mx\/index.php?rest_route=\/wp\/v2\/posts\/77349\/revisions"}],"wp:featuredmedia":[{"embeddable":true,"href":"https:\/\/elinformante.mx\/index.php?rest_route=\/wp\/v2\/media\/77350"}],"wp:attachment":[{"href":"https:\/\/elinformante.mx\/index.php?rest_route=%2Fwp%2Fv2%2Fmedia&parent=77349"}],"wp:term":[{"taxonomy":"category","embeddable":true,"href":"https:\/\/elinformante.mx\/index.php?rest_route=%2Fwp%2Fv2%2Fcategories&post=77349"},{"taxonomy":"post_tag","embeddable":true,"href":"https:\/\/elinformante.mx\/index.php?rest_route=%2Fwp%2Fv2%2Ftags&post=77349"}],"curies":[{"name":"wp","href":"https:\/\/api.w.org\/{rel}","templated":true}]}}