{"id":77607,"date":"2025-03-10T05:33:43","date_gmt":"2025-03-10T11:33:43","guid":{"rendered":"https:\/\/elinformante.mx\/?p=77607"},"modified":"2025-03-10T05:33:45","modified_gmt":"2025-03-10T11:33:45","slug":"las-mujeres-merecen-una-democracia-libre-de-violencia-de-genero-amalia-pulido","status":"publish","type":"post","link":"https:\/\/elinformante.mx\/?p=77607","title":{"rendered":"Las mujeres merecen una democracia libre de violencia de g\u00e9nero: Amalia Pulido"},"content":{"rendered":"\n<figure class=\"wp-block-pullquote\"><blockquote><p>Consejeras Electorales del IEEM se pronuncian con motivo del 8M, D\u00eda Internacional de la Mujer.<\/p><\/blockquote><\/figure>\n\n\n\n<p class=\"has-drop-cap\">La Consejera Presidenta del Instituto Electoral del Estado de M\u00e9xico (IEEM), Amalia Pulido G\u00f3mez, afirm\u00f3 que este \u00f3rgano electoral est\u00e1 ajustando las acciones y compromisos para vigilar el cumplimiento del principio constitucional de paridad de g\u00e9nero y tomar acciones concretas para prevenir, atender y erradicar la violencia pol\u00edtica contra las mujeres como una responsabilidad institucional; e hizo votos para actuar desde la sororidad y en colectivo, porque juntas somos m\u00e1s.<br><\/p>\n\n\n\n<p>Durante la presentaci\u00f3n del Proyecto de Acuerdo del Programa de paridad de g\u00e9nero y respeto a los derechos humanos de las mujeres en el \u00e1mbito pol\u00edtico, la Consejera Presidenta resalt\u00f3 que este programa a\u00f1ade elementos espec\u00edficos para maximizar su impacto en mujeres y personas de la diversidad sexual, a fin de cumplir con el compromiso del IEEM ante la ciudadan\u00eda.<br><\/p>\n\n\n\n<p>Coment\u00f3 que el programa fortalece la igualdad sustantiva, la erradicaci\u00f3n de la violencia de g\u00e9nero y los derechos pol\u00edticos electorales de la sociedad civil y del funcionariado electoral, al advertir que las mujeres merecen una democracia libre de violencia pol\u00edtica de g\u00e9nero, basada en el respeto a los derechos humanos que no sea machista.<br><\/p>\n\n\n\n<p>Este programa fue realizado por la DPC en coordinaci\u00f3n con la Unidad para la Coordinaci\u00f3n de los Trabajos de Igualdad de G\u00e9nero y Erradicaci\u00f3n de la Violencia Pol\u00edtica en Raz\u00f3n de G\u00e9nero (UCTIGEVP).<br><\/p>\n\n\n\n<figure class=\"wp-block-image size-large\"><img fetchpriority=\"high\" decoding=\"async\" width=\"1024\" height=\"506\" src=\"https:\/\/elinformante.mx\/wp-content\/uploads\/2025\/03\/12ieem-3-1024x506.jpg\" alt=\"\" class=\"wp-image-77610\" srcset=\"https:\/\/elinformante.mx\/wp-content\/uploads\/2025\/03\/12ieem-3-1024x506.jpg 1024w, https:\/\/elinformante.mx\/wp-content\/uploads\/2025\/03\/12ieem-3-300x148.jpg 300w, https:\/\/elinformante.mx\/wp-content\/uploads\/2025\/03\/12ieem-3-768x379.jpg 768w, https:\/\/elinformante.mx\/wp-content\/uploads\/2025\/03\/12ieem-3.jpg 1140w\" sizes=\"(max-width: 1024px) 100vw, 1024px\" \/><\/figure>\n\n\n\n<p>La Consejera y Presidenta de la Comisi\u00f3n de Igualdad de G\u00e9nero y No Discriminaci\u00f3n, Flor Angeli Vieyra V\u00e1zquez coment\u00f3 que el programa es una hoja de ruta que orientar\u00e1 las acciones para la atenci\u00f3n y seguimiento puntual de las diversas tem\u00e1ticas en materia de igualdad sustantiva, no discriminaci\u00f3n, inclusi\u00f3n, paridad y erradicaci\u00f3n de la violencia pol\u00edtica contra la mujer.<br><\/p>\n\n\n\n<p>Puntualiz\u00f3 que el programa se integra por dos vertientes, la primera centrada en actividades dirigidas a ni\u00f1as, ni\u00f1os y adolescencias; y la segunda comprende la difusi\u00f3n y capacitaci\u00f3n sobre temas de paridad de g\u00e9nero y atenci\u00f3n a casos de violencia pol\u00edtica contra las mujeres en raz\u00f3n de g\u00e9nero.<br><\/p>\n\n\n\n<p>Lla Consejera Electoral Patricia Lozano Sanabria inform\u00f3 que el documento contempla los siguientes rubros: pl\u00e1ticas a pr\u00f3ximos electores educaci\u00f3n c\u00edvica en el mundo digital; din\u00e1micas grupales sobre valores c\u00edvicos; elecciones escolares de consejos promotores de valores.<br><\/p>\n\n\n\n<p>El prop\u00f3sito central es acercar la labor diaria que realiza este instituto, a fin de abonar a la construcci\u00f3n de una sociedad m\u00e1s justa e inclusiva con instituciones m\u00e1s s\u00f3lidas.<br><\/p>\n\n\n\n<p>Las Consejeras tambi\u00e9n aprobaron por unanimidad el Proyecto de Acuerdo por el que se da cumplimiento a los requerimientos realizados al PRDEM mediante acuerdo IEEM\/CG\/26\/2025.<\/p>\n","protected":false},"excerpt":{"rendered":"<p>Consejeras Electorales del IEEM se pronuncian con motivo del 8M, D\u00eda Internacional de la Mujer. La Consejera Presidenta del Instituto Electoral del Estado de M\u00e9xico (IEEM), Amalia Pulido G\u00f3mez, afirm\u00f3 que este \u00f3rgano electoral est\u00e1 ajustando las acciones y compromisos para vigilar el cumplimiento del principio constitucional de paridad de g\u00e9nero y tomar acciones concretas [&hellip;]<\/p>\n","protected":false},"author":1,"featured_media":77609,"comment_status":"closed","ping_status":"closed","sticky":false,"template":"","format":"standard","meta":{"footnotes":""},"categories":[36],"tags":[],"class_list":["post-77607","post","type-post","status-publish","format-standard","has-post-thumbnail","hentry","category-edomex"],"_links":{"self":[{"href":"https:\/\/elinformante.mx\/index.php?rest_route=\/wp\/v2\/posts\/77607","targetHints":{"allow":["GET"]}}],"collection":[{"href":"https:\/\/elinformante.mx\/index.php?rest_route=\/wp\/v2\/posts"}],"about":[{"href":"https:\/\/elinformante.mx\/index.php?rest_route=\/wp\/v2\/types\/post"}],"author":[{"embeddable":true,"href":"https:\/\/elinformante.mx\/index.php?rest_route=\/wp\/v2\/users\/1"}],"replies":[{"embeddable":true,"href":"https:\/\/elinformante.mx\/index.php?rest_route=%2Fwp%2Fv2%2Fcomments&post=77607"}],"version-history":[{"count":0,"href":"https:\/\/elinformante.mx\/index.php?rest_route=\/wp\/v2\/posts\/77607\/revisions"}],"wp:featuredmedia":[{"embeddable":true,"href":"https:\/\/elinformante.mx\/index.php?rest_route=\/wp\/v2\/media\/77609"}],"wp:attachment":[{"href":"https:\/\/elinformante.mx\/index.php?rest_route=%2Fwp%2Fv2%2Fmedia&parent=77607"}],"wp:term":[{"taxonomy":"category","embeddable":true,"href":"https:\/\/elinformante.mx\/index.php?rest_route=%2Fwp%2Fv2%2Fcategories&post=77607"},{"taxonomy":"post_tag","embeddable":true,"href":"https:\/\/elinformante.mx\/index.php?rest_route=%2Fwp%2Fv2%2Ftags&post=77607"}],"curies":[{"name":"wp","href":"https:\/\/api.w.org\/{rel}","templated":true}]}}