{"id":77620,"date":"2025-03-10T05:40:57","date_gmt":"2025-03-10T11:40:57","guid":{"rendered":"https:\/\/elinformante.mx\/?p=77620"},"modified":"2025-03-10T05:40:59","modified_gmt":"2025-03-10T11:40:59","slug":"celebro-zinacantepec-expo-mujer-2025-en-apoyo-al-desarrollo-femenino","status":"publish","type":"post","link":"https:\/\/elinformante.mx\/?p=77620","title":{"rendered":"Celebr\u00f3 Zinacantepec Expo Mujer 2025 en apoyo al desarrollo femenino"},"content":{"rendered":"\n<figure class=\"wp-block-pullquote\"><blockquote><p>Se ofrecieron espacios de emprendimiento, educaci\u00f3n y bienestar para fortalecer el desarrollo de las mujeres en el municipio.<\/p><\/blockquote><\/figure>\n\n\n\n<p class=\"has-drop-cap\">El municipio de Zinacantepec, encabezado por Manuel Vilchis Viveros, reafirm\u00f3 su compromiso con la igualdad de oportunidades a trav\u00e9s de la Expo Mujer Zinacantepec 2025.<br><\/p>\n\n\n\n<p>Este evento se celebr\u00f3 en el marco del D\u00eda Internacional de la Mujer, siendo impulsado por el presidente municipal Manuel Vilchis Viveros y la presidenta honor\u00edfica del DIF, Jessica R\u00edos Lara, desarroll\u00e1ndose en la Plaza C\u00edvica de la demarcaci\u00f3n y contando con m\u00faltiples actividades dise\u00f1adas para fortalecer el papel de la mujer en la sociedad.<br><\/p>\n\n\n\n<p>Esta Expo Mujer Zinacantepec 2025 se consolid\u00f3 como un foro de aprendizaje, emprendimiento y bienestar, brindando a las asistentes herramientas clave para su desarrollo.<br><\/p>\n\n\n\n<p>Entre las actividades destacadas estuvieron: conferencias y talleres sobre crecimiento personal y profesional, opciones educativas para la conclusi\u00f3n de estudios, exposici\u00f3n de artesanas y emprendedoras, promoviendo sus productos y servicios y servicios de salud gratuitos, incluyendo mastograf\u00edas.<br><\/p>\n\n\n\n<figure class=\"wp-block-image size-large\"><img fetchpriority=\"high\" decoding=\"async\" width=\"1024\" height=\"506\" src=\"https:\/\/elinformante.mx\/wp-content\/uploads\/2025\/03\/11zina-4-1024x506.jpg\" alt=\"\" class=\"wp-image-77622\" srcset=\"https:\/\/elinformante.mx\/wp-content\/uploads\/2025\/03\/11zina-4-1024x506.jpg 1024w, https:\/\/elinformante.mx\/wp-content\/uploads\/2025\/03\/11zina-4-300x148.jpg 300w, https:\/\/elinformante.mx\/wp-content\/uploads\/2025\/03\/11zina-4-768x379.jpg 768w, https:\/\/elinformante.mx\/wp-content\/uploads\/2025\/03\/11zina-4.jpg 1140w\" sizes=\"(max-width: 1024px) 100vw, 1024px\" \/><\/figure>\n\n\n\n<p>Vilchis Viveros, resalt\u00f3 la importancia de fortalecer estos espacios para garantizar el bienestar y la seguridad de las mujeres, reafirmando que las mujeres en el municipio son madres, emprendedoras, profesionistas y l\u00edderes que con su esfuerzo diario construyen un mejor futuro.<br><\/p>\n\n\n\n<p>\u201cNuestro compromiso es seguir generando oportunidades, apoyando sus proyectos y garantizando entornos seguros para su desarrollo\u201c, expres\u00f3 el edil.<br><\/p>\n\n\n\n<p>Jessica R\u00edos Lara, presidenta honor\u00edfica del DIF, subray\u00f3 el impacto positivo de estos eventos en la comunidad, destacando que permiten visibilizar el talento y esfuerzo de las mujeres, adem\u00e1s de fortalecer su empoderamiento en distintos \u00e1mbitos.<br><\/p>\n\n\n\n<p>La Expo Mujer Zinacantepec 2025 no solo ofreci\u00f3 espacios de formaci\u00f3n y apoyo, sino que tambi\u00e9n reafirm\u00f3 el compromiso del gobierno municipal con la equidad de g\u00e9nero y el desarrollo integral de las mujeres.<\/p>\n","protected":false},"excerpt":{"rendered":"<p>Se ofrecieron espacios de emprendimiento, educaci\u00f3n y bienestar para fortalecer el desarrollo de las mujeres en el municipio. El municipio de Zinacantepec, encabezado por Manuel Vilchis Viveros, reafirm\u00f3 su compromiso con la igualdad de oportunidades a trav\u00e9s de la Expo Mujer Zinacantepec 2025. Este evento se celebr\u00f3 en el marco del D\u00eda Internacional de la [&hellip;]<\/p>\n","protected":false},"author":1,"featured_media":77621,"comment_status":"closed","ping_status":"closed","sticky":false,"template":"","format":"standard","meta":{"footnotes":""},"categories":[30,36],"tags":[],"class_list":["post-77620","post","type-post","status-publish","format-standard","has-post-thumbnail","hentry","category-destacado","category-edomex"],"_links":{"self":[{"href":"https:\/\/elinformante.mx\/index.php?rest_route=\/wp\/v2\/posts\/77620","targetHints":{"allow":["GET"]}}],"collection":[{"href":"https:\/\/elinformante.mx\/index.php?rest_route=\/wp\/v2\/posts"}],"about":[{"href":"https:\/\/elinformante.mx\/index.php?rest_route=\/wp\/v2\/types\/post"}],"author":[{"embeddable":true,"href":"https:\/\/elinformante.mx\/index.php?rest_route=\/wp\/v2\/users\/1"}],"replies":[{"embeddable":true,"href":"https:\/\/elinformante.mx\/index.php?rest_route=%2Fwp%2Fv2%2Fcomments&post=77620"}],"version-history":[{"count":0,"href":"https:\/\/elinformante.mx\/index.php?rest_route=\/wp\/v2\/posts\/77620\/revisions"}],"wp:featuredmedia":[{"embeddable":true,"href":"https:\/\/elinformante.mx\/index.php?rest_route=\/wp\/v2\/media\/77621"}],"wp:attachment":[{"href":"https:\/\/elinformante.mx\/index.php?rest_route=%2Fwp%2Fv2%2Fmedia&parent=77620"}],"wp:term":[{"taxonomy":"category","embeddable":true,"href":"https:\/\/elinformante.mx\/index.php?rest_route=%2Fwp%2Fv2%2Fcategories&post=77620"},{"taxonomy":"post_tag","embeddable":true,"href":"https:\/\/elinformante.mx\/index.php?rest_route=%2Fwp%2Fv2%2Ftags&post=77620"}],"curies":[{"name":"wp","href":"https:\/\/api.w.org\/{rel}","templated":true}]}}