{"id":77624,"date":"2025-03-10T05:45:40","date_gmt":"2025-03-10T11:45:40","guid":{"rendered":"https:\/\/elinformante.mx\/?p=77624"},"modified":"2025-03-10T05:45:43","modified_gmt":"2025-03-10T11:45:43","slug":"lleva-gem-energia-electrica-a-comunidades-rurales-instalando-paneles-solares","status":"publish","type":"post","link":"https:\/\/elinformante.mx\/?p=77624","title":{"rendered":"Lleva GEM energ\u00eda el\u00e9ctrica a comunidades rurales instalando paneles solares"},"content":{"rendered":"\n<figure class=\"wp-block-pullquote\"><blockquote><p>La Secretar\u00eda del Medio Ambiente coloca 425 Sistemas Fotovoltaicos para llevar electricidad a estas localidades, utilizando fuentes de energ\u00eda limpia.<\/p><\/blockquote><\/figure>\n\n\n\n<p class=\"has-drop-cap\">Para atender la carencia de servicios b\u00e1sicos, como la energ\u00eda el\u00e9ctrica, el Gobierno de la Maestra Delfina G\u00f3mez \u00c1lvarez implement\u00f3 el Programa de Sistemas Fotovoltaicos Aut\u00f3nomos en Comunidades Rurales, para dotar de electricidad a estas zonas utilizando fuentes de energ\u00eda limpia.<br><\/p>\n\n\n\n<p>A trav\u00e9s de la Secretar\u00eda del Medio Ambiente y Desarrollo Sostenible (SMAyDS) y del Instituto Estatal de Energ\u00eda y Cambio Clim\u00e1tico (IEECC), se han instalado 425 sistemas que incluyen panel solar, bater\u00eda, cableado y conversor.<br><\/p>\n\n\n\n<p>Alhely Rubio Arronis, titular de la SMAyDS inform\u00f3 que, en esta etapa del programa, los equipos de sistemas fotovoltaicos aut\u00f3nomos proveer\u00e1n de energ\u00eda el\u00e9ctrica sostenible y asequible, a 521 viviendas de comunidades marginadas en 25 municipios de la entidad. Al momento, se han instalado sistemas en 22 de ellos.<br><\/p>\n\n\n\n<p>Durante una visita a la comunidad El Chupamuerto, municipio de Amanalco de Becerra, la Secretaria de Medio Ambiente, entreg\u00f3 22 Sistemas Fotovoltaicos Aut\u00f3nomos, que permitir\u00e1n a sus habitantes mejorar su calidad de vida y ampliar sus oportunidades de desarrollo.<br><\/p>\n\n\n\n<p>Esta estrategia se enmarca en los objetivos del Plan del Desarrollo del Estado de M\u00e9xico 2023 \u2013 2029, que promueven la generaci\u00f3n de energ\u00eda limpia a trav\u00e9s de paneles solares en zonas rurales.<br><\/p>\n\n\n\n<p>Rubio Arronis se\u00f1al\u00f3 que, durante el presente a\u00f1o se continuar\u00e1 con este programa para disminuir el n\u00famero de viviendas sin servicio de electricidad, fomentando la utilizando fuentes de energ\u00eda limpia. Explic\u00f3 que esta estrategia es implementada por el IEECC como una medida de adaptaci\u00f3n, resiliencia y mitigaci\u00f3n al Cambio Clim\u00e1tico.<br><\/p>\n\n\n\n<p>Para m\u00e1s informaci\u00f3n, la ciudadan\u00eda puede ponerse en contacto con el IEECC, ubicado en el Conjunto SEDAGRO, en el municipio de Metepec, Estado de M\u00e9xico; tambi\u00e9n puede comunicarse al n\u00famero telef\u00f3nico 722-275-6209, o al correo electr\u00f3nico dg.ieecc@edomex.gob.mx y en redes sociales a las cuentas de Facebook y X como: @IEECCedomex.<\/p>\n","protected":false},"excerpt":{"rendered":"<p>La Secretar\u00eda del Medio Ambiente coloca 425 Sistemas Fotovoltaicos para llevar electricidad a estas localidades, utilizando fuentes de energ\u00eda limpia. Para atender la carencia de servicios b\u00e1sicos, como la energ\u00eda el\u00e9ctrica, el Gobierno de la Maestra Delfina G\u00f3mez \u00c1lvarez implement\u00f3 el Programa de Sistemas Fotovoltaicos Aut\u00f3nomos en Comunidades Rurales, para dotar de electricidad a estas [&hellip;]<\/p>\n","protected":false},"author":1,"featured_media":77625,"comment_status":"closed","ping_status":"closed","sticky":false,"template":"","format":"standard","meta":{"footnotes":""},"categories":[36],"tags":[],"class_list":["post-77624","post","type-post","status-publish","format-standard","has-post-thumbnail","hentry","category-edomex"],"_links":{"self":[{"href":"https:\/\/elinformante.mx\/index.php?rest_route=\/wp\/v2\/posts\/77624","targetHints":{"allow":["GET"]}}],"collection":[{"href":"https:\/\/elinformante.mx\/index.php?rest_route=\/wp\/v2\/posts"}],"about":[{"href":"https:\/\/elinformante.mx\/index.php?rest_route=\/wp\/v2\/types\/post"}],"author":[{"embeddable":true,"href":"https:\/\/elinformante.mx\/index.php?rest_route=\/wp\/v2\/users\/1"}],"replies":[{"embeddable":true,"href":"https:\/\/elinformante.mx\/index.php?rest_route=%2Fwp%2Fv2%2Fcomments&post=77624"}],"version-history":[{"count":0,"href":"https:\/\/elinformante.mx\/index.php?rest_route=\/wp\/v2\/posts\/77624\/revisions"}],"wp:featuredmedia":[{"embeddable":true,"href":"https:\/\/elinformante.mx\/index.php?rest_route=\/wp\/v2\/media\/77625"}],"wp:attachment":[{"href":"https:\/\/elinformante.mx\/index.php?rest_route=%2Fwp%2Fv2%2Fmedia&parent=77624"}],"wp:term":[{"taxonomy":"category","embeddable":true,"href":"https:\/\/elinformante.mx\/index.php?rest_route=%2Fwp%2Fv2%2Fcategories&post=77624"},{"taxonomy":"post_tag","embeddable":true,"href":"https:\/\/elinformante.mx\/index.php?rest_route=%2Fwp%2Fv2%2Ftags&post=77624"}],"curies":[{"name":"wp","href":"https:\/\/api.w.org\/{rel}","templated":true}]}}