{"id":77627,"date":"2025-03-10T05:47:14","date_gmt":"2025-03-10T11:47:14","guid":{"rendered":"https:\/\/elinformante.mx\/?p=77627"},"modified":"2025-03-10T05:47:17","modified_gmt":"2025-03-10T11:47:17","slug":"uaemex-exhibe-obra-del-escultor-de-origen-japones-kiyoto-ota","status":"publish","type":"post","link":"https:\/\/elinformante.mx\/?p=77627","title":{"rendered":"UAEM\u00e9x exhibe obra del escultor de origen japon\u00e9s Kiyoto Ota"},"content":{"rendered":"\n<figure class=\"wp-block-pullquote\"><blockquote><p>\u201cEvocaciones. De la interioridad a los extra\u00f1os objetos\u201d estar\u00e1 abierta al p\u00fablico en general hasta el mes de mayo, en la Galer\u00eda Universitaria \u201cFernando Cano\u201d del Edificio de Rector\u00eda de la UAEM\u00e9x.<\/p><\/blockquote><\/figure>\n\n\n\n<p class=\"has-drop-cap\">Con motivo del 197 aniversario de la creaci\u00f3n de la Universidad Aut\u00f3noma del Estado de M\u00e9xico (UAEM\u00e9x) y el cuarto informe del rector Carlos Eduardo Barrera D\u00edaz al frente de la Administraci\u00f3n 2021-2025, en la Galer\u00eda Universitaria \u201cFernando Cano\u201d del Edificio de Rector\u00eda se exhibe \u201cEvocaciones. De la interioridad a los extra\u00f1os objetos\u201d, muestra del escultor de origen japon\u00e9s Kiyoto Ota.<br><\/p>\n\n\n\n<p>El artista pl\u00e1stico nacido en Sasebo, Nagasaki, Jap\u00f3n, en 1948, refiri\u00f3 que inici\u00f3 en la escultura cuando realiz\u00f3 estudios en la Escuela Nacional de Pintura, Escultura y Grabado \u201cLa Esmeralda\u201d, en M\u00e9xico.<br><\/p>\n\n\n\n<p>\u201cTrabaj\u00e9 con piedra, madera y fierro colado. Desde entonces tuve la certeza de que la escultura es un recipiente de energ\u00eda, que independientemente del material e incluso de los aromas, como es el caso de la madera, se percibe en ella una esencia especial\u201d, dijo.<br><\/p>\n\n\n\n<p>Abund\u00f3 que, durante el proceso del trabajo escult\u00f3rico, a trav\u00e9s de las emociones, el artista cambia la materia y formas, pero, sobre todo, la esencia de los materiales, que son dotados de emociones, guarda energ\u00eda en su interior y eso es precisamente lo que cambia algo en el coraz\u00f3n de los espectadores.<br><\/p>\n\n\n\n<figure class=\"wp-block-image size-large\"><img fetchpriority=\"high\" decoding=\"async\" width=\"1024\" height=\"506\" src=\"https:\/\/elinformante.mx\/wp-content\/uploads\/2025\/03\/10uaemex-3-1024x506.jpg\" alt=\"\" class=\"wp-image-77629\" srcset=\"https:\/\/elinformante.mx\/wp-content\/uploads\/2025\/03\/10uaemex-3-1024x506.jpg 1024w, https:\/\/elinformante.mx\/wp-content\/uploads\/2025\/03\/10uaemex-3-300x148.jpg 300w, https:\/\/elinformante.mx\/wp-content\/uploads\/2025\/03\/10uaemex-3-768x379.jpg 768w, https:\/\/elinformante.mx\/wp-content\/uploads\/2025\/03\/10uaemex-3.jpg 1140w\" sizes=\"(max-width: 1024px) 100vw, 1024px\" \/><\/figure>\n\n\n\n<p>Sostuvo, el arte es muy dif\u00edcil de ense\u00f1ar. Para el trabajo art\u00edstico hay que tener sensibilidad, opini\u00f3n, un cerebro muy sensible, lo cual tambi\u00e9n es necesario para la inspiraci\u00f3n; adem\u00e1s, hay que respetar las emociones personales. Todo ello abrir\u00e1 el camino hacia la creatividad.<br><\/p>\n\n\n\n<p>Por todo lo anterior, concluy\u00f3, \u201cme har\u00e1 muy feliz que la gente venga a apreciar las obras que conforman \u201cEvocaciones. De la interioridad a los extra\u00f1os objetos\u201d y despierten en ellos algo interesante\u201d.<br><\/p>\n\n\n\n<p>Kiyoto Ota realiz\u00f3 estudios en Jap\u00f3n. En M\u00e9xico estudi\u00f3 en \u201cLa Esmeralda\u201d, donde trabaj\u00f3 tambi\u00e9n como profesor de escultura. Posteriormente, estudi\u00f3 la Maestr\u00eda en Escultura en la Escuela Nacional de Artes Pl\u00e1sticas de San Carlos, donde fue profesor de talla en piedra. Ha ganado varios premios por su obra art\u00edstica, ha sido docente en diversas instituciones de M\u00e9xico y el extranjero, adem\u00e1s de miembro del Sistema Nacional de Creadores de Arte.<br><\/p>\n\n\n\n<p>En M\u00e9xico ha dado cursos, conferencias y participado en mesas redondas en diversos institutos y universidades. Entre los premios y reconocimientos obtenidos por este artista pl\u00e1stico destacan las Trienales de escultura del INBA (1982,1985) y las Becas del Sistema Nacional de Creadores de Arte. (2013).<br><\/p>\n\n\n\n<p>\u201cEvocaciones. De la interioridad a los extra\u00f1os objetos\u201d estar\u00e1 abierta al p\u00fablico en general hasta el mes de mayo, en la Galer\u00eda Universitaria \u201cFernando Cano\u201d del Edificio de Rector\u00eda de la UAEM\u00e9x.<\/p>\n","protected":false},"excerpt":{"rendered":"<p>\u201cEvocaciones. De la interioridad a los extra\u00f1os objetos\u201d estar\u00e1 abierta al p\u00fablico en general hasta el mes de mayo, en la Galer\u00eda Universitaria \u201cFernando Cano\u201d del Edificio de Rector\u00eda de la UAEM\u00e9x. Con motivo del 197 aniversario de la creaci\u00f3n de la Universidad Aut\u00f3noma del Estado de M\u00e9xico (UAEM\u00e9x) y el cuarto informe del rector [&hellip;]<\/p>\n","protected":false},"author":1,"featured_media":77628,"comment_status":"closed","ping_status":"closed","sticky":false,"template":"","format":"standard","meta":{"footnotes":""},"categories":[30,36],"tags":[],"class_list":["post-77627","post","type-post","status-publish","format-standard","has-post-thumbnail","hentry","category-destacado","category-edomex"],"_links":{"self":[{"href":"https:\/\/elinformante.mx\/index.php?rest_route=\/wp\/v2\/posts\/77627","targetHints":{"allow":["GET"]}}],"collection":[{"href":"https:\/\/elinformante.mx\/index.php?rest_route=\/wp\/v2\/posts"}],"about":[{"href":"https:\/\/elinformante.mx\/index.php?rest_route=\/wp\/v2\/types\/post"}],"author":[{"embeddable":true,"href":"https:\/\/elinformante.mx\/index.php?rest_route=\/wp\/v2\/users\/1"}],"replies":[{"embeddable":true,"href":"https:\/\/elinformante.mx\/index.php?rest_route=%2Fwp%2Fv2%2Fcomments&post=77627"}],"version-history":[{"count":0,"href":"https:\/\/elinformante.mx\/index.php?rest_route=\/wp\/v2\/posts\/77627\/revisions"}],"wp:featuredmedia":[{"embeddable":true,"href":"https:\/\/elinformante.mx\/index.php?rest_route=\/wp\/v2\/media\/77628"}],"wp:attachment":[{"href":"https:\/\/elinformante.mx\/index.php?rest_route=%2Fwp%2Fv2%2Fmedia&parent=77627"}],"wp:term":[{"taxonomy":"category","embeddable":true,"href":"https:\/\/elinformante.mx\/index.php?rest_route=%2Fwp%2Fv2%2Fcategories&post=77627"},{"taxonomy":"post_tag","embeddable":true,"href":"https:\/\/elinformante.mx\/index.php?rest_route=%2Fwp%2Fv2%2Ftags&post=77627"}],"curies":[{"name":"wp","href":"https:\/\/api.w.org\/{rel}","templated":true}]}}