{"id":77637,"date":"2025-03-10T05:59:51","date_gmt":"2025-03-10T11:59:51","guid":{"rendered":"https:\/\/elinformante.mx\/?p=77637"},"modified":"2025-03-10T05:59:54","modified_gmt":"2025-03-10T11:59:54","slug":"lanza-horacio-duarte-programa-caminemos-seguras-recuperando-espacios-publicos-en-edomex","status":"publish","type":"post","link":"https:\/\/elinformante.mx\/?p=77637","title":{"rendered":"Lanza Horacio Duarte programa \u201cCaminemos Seguras\u201d; recuperando espacios p\u00fablicos en Edom\u00e9x"},"content":{"rendered":"\n<figure class=\"wp-block-pullquote\"><blockquote><p>La SeMujeres presenta la \u201cGu\u00eda para la Recuperaci\u00f3n de Espacios P\u00fablicos con Perspectiva de G\u00e9nero en el Estado de M\u00e9xico\u201d, para erradicar el acoso, vandalismo y violencia contra las mujeres.<\/p><\/blockquote><\/figure>\n\n\n\n<p class=\"has-drop-cap\">El Gobierno del Estado de M\u00e9xico puso en marcha el programa \u201cRecuperaci\u00f3n de espacios p\u00fablicos con perspectiva de g\u00e9nero: Caminemos Seguras\u201d, atendiendo el mandato de la Gobernadora Delfina G\u00f3mez \u00c1lvarez para erradicar las desigualdades que enfrentan las mujeres.<br><\/p>\n\n\n\n<p>Horacio Duarte Olivares, Secretario General de Gobierno, se\u00f1al\u00f3 que decir que es tiempo de mujeres significa que la transformaci\u00f3n del bienestar y el porvenir est\u00e1 siendo construido por las mujeres, con su sabidur\u00eda, su talento, dedicaci\u00f3n, honestidad, que son caracter\u00edsticas que empujan este momento del pa\u00eds y del mundo.<br><\/p>\n\n\n\n<p>Duarte Olivares resalt\u00f3 que, la Presidenta Claudia Sheinbaum Pardo simboliza la firmeza y el poder de las mujeres en la toma de decisiones, como lo demostr\u00f3 la Mandataria federal defendiendo recientemente la soberan\u00eda nacional.<br><\/p>\n\n\n\n<p>En el Estado de M\u00e9xico, el liderazgo de la Gobernadora Delfina G\u00f3mez ha marcado un parteaguas en la historia de la entidad, abri\u00f3 nuevas oportunidades para las mujeres, las hizo visibles, fortaleci\u00f3 sus capacidades y las ubic\u00f3 en el centro de su pol\u00edtica social.<br><\/p>\n\n\n\n<p>\u201cQuiero reconocer a millones de mexicanas, destacar el trabajo, la labor de mujeres campesinas, de mujeres obreras, trabajadoras del hogar, comerciantes, empresarias, maestras, estudiantes, artistas, cuidadoras, madres de familia y a todas ellas que siendo amas de casa, madres, hijas, hermanas, esposas, que est\u00e1n colaborando con la construcci\u00f3n de una nueva realidad\u201d, subray\u00f3 el Secretario Horacio Duarte.<br><\/p>\n\n\n\n<p>Por su parte, M\u00f3nica Ch\u00e1vez Dur\u00e1n, Titular de la SeMujeres, afirm\u00f3 que, con el proyecto de recuperaci\u00f3n de espacios p\u00fablicos, se busca mejorar la infraestructura urbana para prevenir y erradicar las m\u00faltiples formas de violencia que ocurren en dichos espacios, que limitan el derecho de las ni\u00f1as, adolescentes y mujeres a moverse libremente y desarrollar una vida libre de violencias.<br><\/p>\n\n\n\n<p>\u201cAsumimos con profunda convicci\u00f3n y responsabilidad la encomienda de nuestra Gobernadora Delfina G\u00f3mez \u00c1lvarez, que nos convoca a construir un futuro con bienestar compartido, en donde la justicia y la igualdad alcancen todos los rincones del Estado de M\u00e9xico y protejan a todas las mujeres de la violencia\u201d, expres\u00f3.<br><\/p>\n\n\n\n<p>Ch\u00e1vez Dur\u00e1n, se\u00f1al\u00f3 que el proyecto de recuperaci\u00f3n de espacios p\u00fablicos es lanzado en colaboraci\u00f3n con la Secretar\u00eda de Desarrollo Agrario, Territorial y Urbano del Gobierno de M\u00e9xico (SEDATU); as\u00ed como de la Secretar\u00eda de Seguridad mexiquense; la Junta de Caminos del Estado de M\u00e9xico y los 11 municipios con Alerta de Violencia de G\u00e9nero.<br><\/p>\n\n\n\n<p>Como parte esta iniciativa, se elabor\u00f3 la \u201cGu\u00eda para la Recuperaci\u00f3n de Espacios P\u00fablicos con Perspectiva de G\u00e9nero en el Edom\u00e9x\u201d, disponible para los municipios, mujeres de las comunidades y cualquier persona interesada en sumarse a este esfuerzo.<br><\/p>\n\n\n\n<p>El Gobierno del Estado de M\u00e9xico, a trav\u00e9s de la SeMujeres, trabaja en coordinaci\u00f3n, con los poderes Legislativo, Judicial, ayuntamientos, academia, sector privado y colectivas para crear las condiciones que permitan a mujeres mexiquenses tener una vida libre de violencia.<\/p>\n","protected":false},"excerpt":{"rendered":"<p>La SeMujeres presenta la \u201cGu\u00eda para la Recuperaci\u00f3n de Espacios P\u00fablicos con Perspectiva de G\u00e9nero en el Estado de M\u00e9xico\u201d, para erradicar el acoso, vandalismo y violencia contra las mujeres. El Gobierno del Estado de M\u00e9xico puso en marcha el programa \u201cRecuperaci\u00f3n de espacios p\u00fablicos con perspectiva de g\u00e9nero: Caminemos Seguras\u201d, atendiendo el mandato de [&hellip;]<\/p>\n","protected":false},"author":1,"featured_media":77638,"comment_status":"closed","ping_status":"closed","sticky":false,"template":"","format":"standard","meta":{"footnotes":""},"categories":[30,36],"tags":[],"class_list":["post-77637","post","type-post","status-publish","format-standard","has-post-thumbnail","hentry","category-destacado","category-edomex"],"_links":{"self":[{"href":"https:\/\/elinformante.mx\/index.php?rest_route=\/wp\/v2\/posts\/77637","targetHints":{"allow":["GET"]}}],"collection":[{"href":"https:\/\/elinformante.mx\/index.php?rest_route=\/wp\/v2\/posts"}],"about":[{"href":"https:\/\/elinformante.mx\/index.php?rest_route=\/wp\/v2\/types\/post"}],"author":[{"embeddable":true,"href":"https:\/\/elinformante.mx\/index.php?rest_route=\/wp\/v2\/users\/1"}],"replies":[{"embeddable":true,"href":"https:\/\/elinformante.mx\/index.php?rest_route=%2Fwp%2Fv2%2Fcomments&post=77637"}],"version-history":[{"count":0,"href":"https:\/\/elinformante.mx\/index.php?rest_route=\/wp\/v2\/posts\/77637\/revisions"}],"wp:featuredmedia":[{"embeddable":true,"href":"https:\/\/elinformante.mx\/index.php?rest_route=\/wp\/v2\/media\/77638"}],"wp:attachment":[{"href":"https:\/\/elinformante.mx\/index.php?rest_route=%2Fwp%2Fv2%2Fmedia&parent=77637"}],"wp:term":[{"taxonomy":"category","embeddable":true,"href":"https:\/\/elinformante.mx\/index.php?rest_route=%2Fwp%2Fv2%2Fcategories&post=77637"},{"taxonomy":"post_tag","embeddable":true,"href":"https:\/\/elinformante.mx\/index.php?rest_route=%2Fwp%2Fv2%2Ftags&post=77637"}],"curies":[{"name":"wp","href":"https:\/\/api.w.org\/{rel}","templated":true}]}}