{"id":77644,"date":"2025-03-10T06:10:12","date_gmt":"2025-03-10T12:10:12","guid":{"rendered":"https:\/\/elinformante.mx\/?p=77644"},"modified":"2025-03-10T06:10:15","modified_gmt":"2025-03-10T12:10:15","slug":"exigen-comerciantes-de-toluca-reparacion-tras-caos-y-destrozos-en-el-8m","status":"publish","type":"post","link":"https:\/\/elinformante.mx\/?p=77644","title":{"rendered":"Exigen comerciantes de Toluca reparaci\u00f3n tras caos y destrozos en el 8M"},"content":{"rendered":"\n<figure class=\"wp-block-pullquote\"><blockquote><p>Los actos vand\u00e1licos cometidos en el centro de Toluca fueron condenados por la Concaem.<\/p><\/blockquote><\/figure>\n\n\n\n<p class=\"has-drop-cap\">Mauricio Massud Mart\u00ednez, presidente del Consejo de C\u00e1maras y Asociaciones Empresariales del Estado de M\u00e9xico (Concaem), conden\u00f3 la serie de actos vand\u00e1licos hacia comercios del centro de Toluca durante la marcha del 8 de marzo.<br><\/p>\n\n\n\n<p>Se\u00f1al\u00f3 que durante la marcha se hizo evidente la falta de coordinaci\u00f3n e inoperatividad de las autoridades en materia de seguridad del Gobierno Estatal y de la Capital mexiquense tras la serie de disturbios y actos de vandalismo que privaron en la capital sin una intervenci\u00f3n real de las autoridades.<br><\/p>\n\n\n\n<figure class=\"wp-block-image size-large\"><img fetchpriority=\"high\" decoding=\"async\" width=\"1024\" height=\"506\" src=\"https:\/\/elinformante.mx\/wp-content\/uploads\/2025\/03\/8exigen-mauricio-masud-1024x506.jpg\" alt=\"\" class=\"wp-image-77646\" srcset=\"https:\/\/elinformante.mx\/wp-content\/uploads\/2025\/03\/8exigen-mauricio-masud-1024x506.jpg 1024w, https:\/\/elinformante.mx\/wp-content\/uploads\/2025\/03\/8exigen-mauricio-masud-300x148.jpg 300w, https:\/\/elinformante.mx\/wp-content\/uploads\/2025\/03\/8exigen-mauricio-masud-768x379.jpg 768w, https:\/\/elinformante.mx\/wp-content\/uploads\/2025\/03\/8exigen-mauricio-masud.jpg 1140w\" sizes=\"(max-width: 1024px) 100vw, 1024px\" \/><\/figure>\n\n\n\n<p>Massud Mart\u00ednez se\u00f1al\u00f3 que a pesar de haber anunciado que se tendr\u00edan elementos de seguridad dispuestos en diferentes puntos de la Capital para evitar afectaciones a los visitantes, comerciantes y establecimientos y garantizar la integridad de las mujeres que participaron en los diferentes contingentes, la situaci\u00f3n se desbord\u00f3 a partir del mediod\u00eda sin ninguna intervenci\u00f3n real de las autoridades.<br><\/p>\n\n\n\n<p>Remarc\u00f3 que est\u00e1n consientes de que las demandas ciudadanas por seguridad para todos, es justa y urgente; pero record\u00f3 que ninguna vida es m\u00e1s importante que un monumento, ninguna pared es prescindible sobre una mujer agredida, pero un estado de paz no se consigue a trav\u00e9s de violentar a otros, una marcha en paz es responsabilidad del Estado y este fin de semana estuvo ausente.<br><\/p>\n\n\n\n<figure class=\"wp-block-image size-large\"><img decoding=\"async\" width=\"1024\" height=\"506\" src=\"https:\/\/elinformante.mx\/wp-content\/uploads\/2025\/03\/8exigen-1024x506.jpg\" alt=\"\" class=\"wp-image-77647\" srcset=\"https:\/\/elinformante.mx\/wp-content\/uploads\/2025\/03\/8exigen-1024x506.jpg 1024w, https:\/\/elinformante.mx\/wp-content\/uploads\/2025\/03\/8exigen-300x148.jpg 300w, https:\/\/elinformante.mx\/wp-content\/uploads\/2025\/03\/8exigen-768x379.jpg 768w, https:\/\/elinformante.mx\/wp-content\/uploads\/2025\/03\/8exigen.jpg 1140w\" sizes=\"(max-width: 1024px) 100vw, 1024px\" \/><\/figure>\n\n\n\n<p>Se\u00f1al\u00f3 que en la entidad la inseguridad sigue siendo el principal motivo de conflicto y la principal demanda de los mexicanos en cualquier rinc\u00f3n del pa\u00eds y estas marchas que tuvieron origen en 2015 han tenido afectaciones muy similares a las de este fin de semana a\u00f1o con a\u00f1o y se siguen tomando las mismas medidas pensando que va a cambiar algo.<br><\/p>\n\n\n\n<p>A pesar de que en d\u00edas anteriores se hab\u00eda dado a conocer que existir\u00edan contingentes de seguridad, que brindar\u00edan apoyo para realizar las diferentes manifestaciones con orden, esto no ocurri\u00f3.<br><\/p>\n\n\n\n<figure class=\"wp-block-image size-large\"><img decoding=\"async\" width=\"1024\" height=\"506\" src=\"https:\/\/elinformante.mx\/wp-content\/uploads\/2025\/03\/8exigen-4-1024x506.jpg\" alt=\"\" class=\"wp-image-77648\" srcset=\"https:\/\/elinformante.mx\/wp-content\/uploads\/2025\/03\/8exigen-4-1024x506.jpg 1024w, https:\/\/elinformante.mx\/wp-content\/uploads\/2025\/03\/8exigen-4-300x148.jpg 300w, https:\/\/elinformante.mx\/wp-content\/uploads\/2025\/03\/8exigen-4-768x379.jpg 768w, https:\/\/elinformante.mx\/wp-content\/uploads\/2025\/03\/8exigen-4.jpg 1140w\" sizes=\"(max-width: 1024px) 100vw, 1024px\" \/><\/figure>\n\n\n\n<p>Record\u00f3 que las autoridades les garantizaron que los comerciantes podr\u00edan realizar sus actividades sin mayores contratiempos; por lo cual el comercio establecido decidi\u00f3 mantener actividades y horarios sin modificaciones, situaci\u00f3n que no fue cumplida.<br><\/p>\n\n\n\n<p>La Presidenta del Patronato Pro Centro Hist\u00f3rico, Ver\u00f3nica Valdez, se\u00f1al\u00f3 que se tuvo que ayudar a mujeres que pidieron resguardo dentro de los establecimientos ante agresiones radicales y el comercio estima que podr\u00edan tardar m\u00e1s de dos semanas en hacer las reparaciones e inversiones para poder volver a operar a normalidad.<br><\/p>\n\n\n\n<figure class=\"wp-block-image size-large\"><img loading=\"lazy\" decoding=\"async\" width=\"1024\" height=\"506\" src=\"https:\/\/elinformante.mx\/wp-content\/uploads\/2025\/03\/8exigen-3-1024x506.jpg\" alt=\"\" class=\"wp-image-77649\" srcset=\"https:\/\/elinformante.mx\/wp-content\/uploads\/2025\/03\/8exigen-3-1024x506.jpg 1024w, https:\/\/elinformante.mx\/wp-content\/uploads\/2025\/03\/8exigen-3-300x148.jpg 300w, https:\/\/elinformante.mx\/wp-content\/uploads\/2025\/03\/8exigen-3-768x379.jpg 768w, https:\/\/elinformante.mx\/wp-content\/uploads\/2025\/03\/8exigen-3.jpg 1140w\" sizes=\"(max-width: 1024px) 100vw, 1024px\" \/><\/figure>\n\n\n\n<p>Exigi\u00f3 que las autoridades se re\u00fanan con ellos, para darles una soluci\u00f3n a estas quejas y reclamos de comerciantes afectados, porque todos est\u00e1n unidos en un solo clamor, no tuvieron el apoyo de las autoridades, literalmente los dejaron solo.<br><\/p>\n\n\n\n<p>A pesar de que se anunci\u00f3 el despliegue de 600 elementos de seguridad municipal, estos se convirtieron en observadores sin ning\u00fan tiempo de acci\u00f3n estrat\u00e9gica que rindiera frutos.<\/p>\n","protected":false},"excerpt":{"rendered":"<p>Los actos vand\u00e1licos cometidos en el centro de Toluca fueron condenados por la Concaem. Mauricio Massud Mart\u00ednez, presidente del Consejo de C\u00e1maras y Asociaciones Empresariales del Estado de M\u00e9xico (Concaem), conden\u00f3 la serie de actos vand\u00e1licos hacia comercios del centro de Toluca durante la marcha del 8 de marzo. Se\u00f1al\u00f3 que durante la marcha se [&hellip;]<\/p>\n","protected":false},"author":1,"featured_media":77645,"comment_status":"closed","ping_status":"closed","sticky":false,"template":"","format":"standard","meta":{"footnotes":""},"categories":[30,36,31],"tags":[46],"class_list":["post-77644","post","type-post","status-publish","format-standard","has-post-thumbnail","hentry","category-destacado","category-edomex","category-portada","tag-portadaedomex"],"_links":{"self":[{"href":"https:\/\/elinformante.mx\/index.php?rest_route=\/wp\/v2\/posts\/77644","targetHints":{"allow":["GET"]}}],"collection":[{"href":"https:\/\/elinformante.mx\/index.php?rest_route=\/wp\/v2\/posts"}],"about":[{"href":"https:\/\/elinformante.mx\/index.php?rest_route=\/wp\/v2\/types\/post"}],"author":[{"embeddable":true,"href":"https:\/\/elinformante.mx\/index.php?rest_route=\/wp\/v2\/users\/1"}],"replies":[{"embeddable":true,"href":"https:\/\/elinformante.mx\/index.php?rest_route=%2Fwp%2Fv2%2Fcomments&post=77644"}],"version-history":[{"count":0,"href":"https:\/\/elinformante.mx\/index.php?rest_route=\/wp\/v2\/posts\/77644\/revisions"}],"wp:featuredmedia":[{"embeddable":true,"href":"https:\/\/elinformante.mx\/index.php?rest_route=\/wp\/v2\/media\/77645"}],"wp:attachment":[{"href":"https:\/\/elinformante.mx\/index.php?rest_route=%2Fwp%2Fv2%2Fmedia&parent=77644"}],"wp:term":[{"taxonomy":"category","embeddable":true,"href":"https:\/\/elinformante.mx\/index.php?rest_route=%2Fwp%2Fv2%2Fcategories&post=77644"},{"taxonomy":"post_tag","embeddable":true,"href":"https:\/\/elinformante.mx\/index.php?rest_route=%2Fwp%2Fv2%2Ftags&post=77644"}],"curies":[{"name":"wp","href":"https:\/\/api.w.org\/{rel}","templated":true}]}}