{"id":77661,"date":"2025-03-10T06:16:59","date_gmt":"2025-03-10T12:16:59","guid":{"rendered":"https:\/\/elinformante.mx\/?p=77661"},"modified":"2025-03-10T06:17:01","modified_gmt":"2025-03-10T12:17:01","slug":"tenemos-mucha-presidenta-clara-brugada","status":"publish","type":"post","link":"https:\/\/elinformante.mx\/?p=77661","title":{"rendered":"\u201c\u00a1Tenemos mucha presidenta!\u201d: Clara Brugada"},"content":{"rendered":"\n<figure class=\"wp-block-pullquote\"><blockquote><p>Junto a gobernadoras y gobernadores, Clara Brugada respald\u00f3 a la titular del Ejecutivo federal, quien dirigi\u00f3 un discurso a las y los mexicanos.<\/p><\/blockquote><\/figure>\n\n\n\n<p class=\"has-drop-cap\">La jefa de Gobierno, Clara Brugada Molina, asisti\u00f3 a la Asamblea informativa en el Z\u00f3calo capitalino, donde la presidenta Claudia Sheinbaum Pardo celebr\u00f3 el logro de todas y todos los mexicanos de aplazar la imposici\u00f3n de aranceles, por parte del gobierno de Estados Unidos, a las exportaciones mexicanas, y confi\u00f3 en que estas medidas ya no se aplicar\u00e1n.<br><\/p>\n\n\n\n<p>\u201cM\u00e1s de 350 mil personas acompa\u00f1amos a nuestra querida presidenta, Claudia Sheinbaum, en su mensaje al pueblo de M\u00e9xico en el Z\u00f3calo, y le externaronnuestro apoyo incondicional para continuar con las gestiones y el di\u00e1logo con el Gobierno de los Estados Unidos, en un marco de cooperaci\u00f3n y respeto a la soberan\u00eda e independencia de ambas naciones, para seguir avanzando en el fortalecimiento de las relaciones bilaterales en diversos campos. \u00a1Tenemos mucha presidenta!\u201d, public\u00f3 la mandataria capitalina en sus redes sociales.<br><\/p>\n\n\n\n<figure class=\"wp-block-image size-large\"><img fetchpriority=\"high\" decoding=\"async\" width=\"1024\" height=\"506\" src=\"https:\/\/elinformante.mx\/wp-content\/uploads\/2025\/03\/5afirma-2-1024x506.jpg\" alt=\"\" class=\"wp-image-77663\" srcset=\"https:\/\/elinformante.mx\/wp-content\/uploads\/2025\/03\/5afirma-2-1024x506.jpg 1024w, https:\/\/elinformante.mx\/wp-content\/uploads\/2025\/03\/5afirma-2-300x148.jpg 300w, https:\/\/elinformante.mx\/wp-content\/uploads\/2025\/03\/5afirma-2-768x379.jpg 768w, https:\/\/elinformante.mx\/wp-content\/uploads\/2025\/03\/5afirma-2.jpg 1140w\" sizes=\"(max-width: 1024px) 100vw, 1024px\" \/><\/figure>\n\n\n\n<p>Junto a gobernadoras y gobernadores, Clara Brugada respald\u00f3 a la titular del Ejecutivo federal, quien dirigi\u00f3 un discurso a las y los mexicanos, en el que sostuvo que continuar\u00e1 con la defensa de la soberan\u00eda, para lo cual cuenta con una estrategia y resalt\u00f3 que nuestro pa\u00eds saldr\u00e1 adelante porque se tiene el apoyo de la inmensa mayor\u00eda del pueblo.<br><\/p>\n\n\n\n<p>\u201cM\u00e9xico es un gran pa\u00eds, con un pueblo digno y valeroso. Somos naciones en igualdad de circunstancias, no somos m\u00e1s, pero tampoco somos menos, y siempre, siempre pondremos por encima de todo el respeto a nuestro amado pueblo y a nuestra bendita naci\u00f3n\u201d, asegur\u00f3.<br><\/p>\n\n\n\n<p>Ante una Plaza de la Constituci\u00f3n llena, Claudia Sheinbaum se congratul\u00f3 porque el 6 de marzo pasado fueron levantados los aranceles o tarifas que estaban siendo aplicados a productos mexicanos que se exportan a Estados Unidos. Aunque la medida fue aplazada hasta el 2 de abril, d\u00eda en que ese pa\u00eds anunciar\u00e1 aranceles rec\u00edprocos a todas las naciones que apliquen impuestos similares a productos estadunidenses, la presidenta confi\u00f3 en que esto no afectar\u00e1 a M\u00e9xico, gracias al tratado comercial del T-MEC.<\/p>\n","protected":false},"excerpt":{"rendered":"<p>Junto a gobernadoras y gobernadores, Clara Brugada respald\u00f3 a la titular del Ejecutivo federal, quien dirigi\u00f3 un discurso a las y los mexicanos. La jefa de Gobierno, Clara Brugada Molina, asisti\u00f3 a la Asamblea informativa en el Z\u00f3calo capitalino, donde la presidenta Claudia Sheinbaum Pardo celebr\u00f3 el logro de todas y todos los mexicanos de [&hellip;]<\/p>\n","protected":false},"author":1,"featured_media":77662,"comment_status":"closed","ping_status":"closed","sticky":false,"template":"","format":"standard","meta":{"footnotes":""},"categories":[35,30],"tags":[],"class_list":["post-77661","post","type-post","status-publish","format-standard","has-post-thumbnail","hentry","category-cdmx","category-destacado"],"_links":{"self":[{"href":"https:\/\/elinformante.mx\/index.php?rest_route=\/wp\/v2\/posts\/77661","targetHints":{"allow":["GET"]}}],"collection":[{"href":"https:\/\/elinformante.mx\/index.php?rest_route=\/wp\/v2\/posts"}],"about":[{"href":"https:\/\/elinformante.mx\/index.php?rest_route=\/wp\/v2\/types\/post"}],"author":[{"embeddable":true,"href":"https:\/\/elinformante.mx\/index.php?rest_route=\/wp\/v2\/users\/1"}],"replies":[{"embeddable":true,"href":"https:\/\/elinformante.mx\/index.php?rest_route=%2Fwp%2Fv2%2Fcomments&post=77661"}],"version-history":[{"count":0,"href":"https:\/\/elinformante.mx\/index.php?rest_route=\/wp\/v2\/posts\/77661\/revisions"}],"wp:featuredmedia":[{"embeddable":true,"href":"https:\/\/elinformante.mx\/index.php?rest_route=\/wp\/v2\/media\/77662"}],"wp:attachment":[{"href":"https:\/\/elinformante.mx\/index.php?rest_route=%2Fwp%2Fv2%2Fmedia&parent=77661"}],"wp:term":[{"taxonomy":"category","embeddable":true,"href":"https:\/\/elinformante.mx\/index.php?rest_route=%2Fwp%2Fv2%2Fcategories&post=77661"},{"taxonomy":"post_tag","embeddable":true,"href":"https:\/\/elinformante.mx\/index.php?rest_route=%2Fwp%2Fv2%2Ftags&post=77661"}],"curies":[{"name":"wp","href":"https:\/\/api.w.org\/{rel}","templated":true}]}}