{"id":77674,"date":"2025-03-10T06:26:29","date_gmt":"2025-03-10T12:26:29","guid":{"rendered":"https:\/\/elinformante.mx\/?p=77674"},"modified":"2025-03-10T07:50:07","modified_gmt":"2025-03-10T13:50:07","slug":"llega-edgar-amador-zamora-al-frente-de-hacienda","status":"publish","type":"post","link":"https:\/\/elinformante.mx\/?p=77674","title":{"rendered":"Llega Edgar Amador Zamora al frente de Hacienda"},"content":{"rendered":"\n<figure class=\"wp-block-pullquote\"><blockquote><p>Es nombrado como el nuevo secretario de Hacienda y Cr\u00e9dito P\u00fablico, comprometi\u00e9ndose a trabajar para generar confianza en los inversionistas y la sociedad, manteniendo la estabilidad macroecon\u00f3mica y del peso<\/p><\/blockquote><\/figure>\n\n\n\n<p class=\"has-drop-cap\">Edgar Amador Zamora asumi\u00f3 su nuevo cargo como el nuevo secretario de Hacienda y de principio se comprometi\u00f3 en principio a trabajar para que la econom\u00eda de M\u00e9xico crezca sobre bases s\u00f3lidas y generar confianza en los inversionistas y en la sociedad.<br><\/p>\n\n\n\n<p>Manifest\u00f3 que se encuentra comprometido junto a su equipo a mejorar la estabilidad financiera, tanto de la moneda como de la macroeconom\u00eda.<br><\/p>\n\n\n\n<p>La presidenta Claudia Sheinbaum afirm\u00f3 que Amador se caracteriza por su honestidad y su honradez. Sostuvo que el gobierno federal tiene un gran equipo en la Secretar\u00eda de Hacienda, con excelentes colaboradores; que la econom\u00eda de M\u00e9xico es muy fuerte \u201cy siempre nos va a ir muy bien como pa\u00eds\u201d.<br><\/p>\n\n\n\n<p>Amador Zamora, cuya designaci\u00f3n fue aplaudida por el Consejo Coordinador Empresarial, ha tenido una amplia trayectoria profesional en el sector p\u00fablico y privado. Se titul\u00f3 en Econom\u00eda por la UNAM y tiene una maestr\u00eda por El Colegio de M\u00e9xico.<br><\/p>\n\n\n\n<p>Fue nominado como el mejor economista de Am\u00e9rica Latina en 1998, por el Institutional Investor de Nueva York, gracias a su capacidad anal\u00edtica y su visi\u00f3n estrat\u00e9gica.<br><\/p>\n\n\n\n<p>Fue titular de la Secretar\u00eda de Finanzas de la CDMX de 2012 a 2018 y se incorpor\u00f3 a Hacienda en 2024, con el gobierno de Sheinbaum, como subsecretario del ramo.<br><\/p>\n\n\n\n<p>Edgar Amador fue nominado como el mejor Economista de Am\u00e9rica Latina en 1998, por el Institutional Investor de Nueva York, gracias a su capacidad anal\u00edtica y su visi\u00f3n estrat\u00e9gica.<br><\/p>\n\n\n\n<p>Gracias a su visi\u00f3n anal\u00edtica, Amador Zamora cuenta con las credenciales para llevar las riendas de la hacienda p\u00fablica.<br><\/p>\n\n\n\n<p>Una de sus primeras encomiendas ser\u00e1 la de detallar el documento que contenga los Precriterios Generales de Pol\u00edtica Econ\u00f3mica, que se entrega en los primeros d\u00edas de abril al Congreso de la Uni\u00f3n.<br><\/p>\n\n\n\n<p>Este documento contiene actualizaciones de los escenarios macroecon\u00f3micos de 2025 y del presupuesto de este a\u00f1o, es decir, del ingreso y gasto p\u00fablicos, as\u00ed como un bosquejo de c\u00f3mo ser\u00e1 el Paquete Econ\u00f3mico para 2026.<br><\/p>\n\n\n\n<p>En sus \u00faltimas declaraciones a la prensa, el funcionario ha descartado una recesi\u00f3n econ\u00f3mica, en medio de la incertidumbre que se vive por las relaciones comerciales con Estados Unidos.<br><\/p>\n\n\n\n<p>Tras el nombramiento de Amador en la SHCP, ahora Rogelio Ram\u00edrez de la O fue nombrado como asesor econ\u00f3mico para asuntos internacionales.<br><\/p>\n\n\n\n<p>Mediante un videomensaje publicado en su cuenta oficial de X, la mandataria federal confirm\u00f3 las versiones de la salida de Ram\u00edrez de la O al frente de la Secretar\u00eda de Hacienda.<br><\/p>\n\n\n\n<p>En su intervenci\u00f3n, Rogelio Ram\u00edrez de la O manifest\u00f3 su agradecimiento a la presidenta Claudia Sheinbaum por invitarlo a colaborar en su administraci\u00f3n, e inform\u00f3 que su decisi\u00f3n de dejar la Secretar\u00eda de Hacienda se debe a \u201ccompromisos familiares fuera del pa\u00eds\u201d.<\/p>\n","protected":false},"excerpt":{"rendered":"<p>Es nombrado como el nuevo secretario de Hacienda y Cr\u00e9dito P\u00fablico, comprometi\u00e9ndose a trabajar para generar confianza en los inversionistas y la sociedad, manteniendo la estabilidad macroecon\u00f3mica y del peso Edgar Amador Zamora asumi\u00f3 su nuevo cargo como el nuevo secretario de Hacienda y de principio se comprometi\u00f3 en principio a trabajar para que la [&hellip;]<\/p>\n","protected":false},"author":1,"featured_media":77675,"comment_status":"closed","ping_status":"closed","sticky":false,"template":"","format":"standard","meta":{"footnotes":""},"categories":[30,34],"tags":[],"class_list":["post-77674","post","type-post","status-publish","format-standard","has-post-thumbnail","hentry","category-destacado","category-nacional"],"_links":{"self":[{"href":"https:\/\/elinformante.mx\/index.php?rest_route=\/wp\/v2\/posts\/77674","targetHints":{"allow":["GET"]}}],"collection":[{"href":"https:\/\/elinformante.mx\/index.php?rest_route=\/wp\/v2\/posts"}],"about":[{"href":"https:\/\/elinformante.mx\/index.php?rest_route=\/wp\/v2\/types\/post"}],"author":[{"embeddable":true,"href":"https:\/\/elinformante.mx\/index.php?rest_route=\/wp\/v2\/users\/1"}],"replies":[{"embeddable":true,"href":"https:\/\/elinformante.mx\/index.php?rest_route=%2Fwp%2Fv2%2Fcomments&post=77674"}],"version-history":[{"count":0,"href":"https:\/\/elinformante.mx\/index.php?rest_route=\/wp\/v2\/posts\/77674\/revisions"}],"wp:featuredmedia":[{"embeddable":true,"href":"https:\/\/elinformante.mx\/index.php?rest_route=\/wp\/v2\/media\/77675"}],"wp:attachment":[{"href":"https:\/\/elinformante.mx\/index.php?rest_route=%2Fwp%2Fv2%2Fmedia&parent=77674"}],"wp:term":[{"taxonomy":"category","embeddable":true,"href":"https:\/\/elinformante.mx\/index.php?rest_route=%2Fwp%2Fv2%2Fcategories&post=77674"},{"taxonomy":"post_tag","embeddable":true,"href":"https:\/\/elinformante.mx\/index.php?rest_route=%2Fwp%2Fv2%2Ftags&post=77674"}],"curies":[{"name":"wp","href":"https:\/\/api.w.org\/{rel}","templated":true}]}}