{"id":77690,"date":"2025-03-10T13:32:14","date_gmt":"2025-03-10T19:32:14","guid":{"rendered":"https:\/\/elinformante.mx\/?p=77690"},"modified":"2025-03-10T13:32:16","modified_gmt":"2025-03-10T19:32:16","slug":"horror-bebe-es-abandonado-en-ozumba","status":"publish","type":"post","link":"https:\/\/elinformante.mx\/?p=77690","title":{"rendered":"\u00a1HORROR! BEB\u00c9 ES ABANDONADO EN OZUMBA"},"content":{"rendered":"\n<p>Un beb\u00e9 de entre 8 y 9 meses de gestaci\u00f3n fue abandonado dentro de una caja de cart\u00f3n a un costado de la carretera federal M\u00e9xico-Cuautla, cerca del pante\u00f3n de Ozumba, Estado de M\u00e9xico.<br>Personal de seguridad p\u00fablica resguarda el \u00e1rea. Adem\u00e1s, un sujeto fue detenido en el lugar.<\/p>\n\n\n\n<p><\/p>\n","protected":false},"excerpt":{"rendered":"<p>Un beb\u00e9 de entre 8 y 9 meses de gestaci\u00f3n fue abandonado dentro de una caja de cart\u00f3n a un costado de la carretera federal M\u00e9xico-Cuautla, cerca del pante\u00f3n de Ozumba, Estado de M\u00e9xico.Personal de seguridad p\u00fablica resguarda el \u00e1rea. Adem\u00e1s, un sujeto fue detenido en el lugar.<\/p>\n","protected":false},"author":2,"featured_media":77691,"comment_status":"closed","ping_status":"closed","sticky":false,"template":"","format":"standard","meta":{"footnotes":""},"categories":[36],"tags":[],"class_list":["post-77690","post","type-post","status-publish","format-standard","has-post-thumbnail","hentry","category-edomex"],"_links":{"self":[{"href":"https:\/\/elinformante.mx\/index.php?rest_route=\/wp\/v2\/posts\/77690","targetHints":{"allow":["GET"]}}],"collection":[{"href":"https:\/\/elinformante.mx\/index.php?rest_route=\/wp\/v2\/posts"}],"about":[{"href":"https:\/\/elinformante.mx\/index.php?rest_route=\/wp\/v2\/types\/post"}],"author":[{"embeddable":true,"href":"https:\/\/elinformante.mx\/index.php?rest_route=\/wp\/v2\/users\/2"}],"replies":[{"embeddable":true,"href":"https:\/\/elinformante.mx\/index.php?rest_route=%2Fwp%2Fv2%2Fcomments&post=77690"}],"version-history":[{"count":0,"href":"https:\/\/elinformante.mx\/index.php?rest_route=\/wp\/v2\/posts\/77690\/revisions"}],"wp:featuredmedia":[{"embeddable":true,"href":"https:\/\/elinformante.mx\/index.php?rest_route=\/wp\/v2\/media\/77691"}],"wp:attachment":[{"href":"https:\/\/elinformante.mx\/index.php?rest_route=%2Fwp%2Fv2%2Fmedia&parent=77690"}],"wp:term":[{"taxonomy":"category","embeddable":true,"href":"https:\/\/elinformante.mx\/index.php?rest_route=%2Fwp%2Fv2%2Fcategories&post=77690"},{"taxonomy":"post_tag","embeddable":true,"href":"https:\/\/elinformante.mx\/index.php?rest_route=%2Fwp%2Fv2%2Ftags&post=77690"}],"curies":[{"name":"wp","href":"https:\/\/api.w.org\/{rel}","templated":true}]}}