{"id":77863,"date":"2025-03-12T06:15:30","date_gmt":"2025-03-12T12:15:30","guid":{"rendered":"https:\/\/elinformante.mx\/?p=77863"},"modified":"2025-03-12T06:15:32","modified_gmt":"2025-03-12T12:15:32","slug":"uaemex-sede-del-primer-encuentro-iberoamericano-para-la-construccion-de-la-red-unitwin","status":"publish","type":"post","link":"https:\/\/elinformante.mx\/?p=77863","title":{"rendered":"UAEM\u00e9x sede del Primer Encuentro Iberoamericano para la construcci\u00f3n de la Red Unitwin"},"content":{"rendered":"\n<figure class=\"wp-block-pullquote\"><blockquote><p>La Red Unitwin no solo pretende compartir informaci\u00f3n, sino tambi\u00e9n poner el conocimiento en marcha, en acci\u00f3n, en di\u00e1logo al servicio de las sociedades iberoamericanas.<\/p><\/blockquote><\/figure>\n\n\n\n<p class=\"has-drop-cap\">La iniciativa de la Red Unitwin representa una oportunidad invaluable para consolidar este espacio de colaboraci\u00f3n para intercambiar ideas y expresar el compromiso que tenemos las y los universitarios con la libertad de pensamiento, afirm\u00f3 la encargada del despacho de la Secretar\u00eda de Investigaci\u00f3n y Estudios Avanzados de la Universidad Aut\u00f3noma del Estado de M\u00e9xico, Mariana Ortiz Reynoso, al encabezar la inauguraci\u00f3n del Primer Encuentro Iberoamericano para la Construcci\u00f3n del proyecto Red Unitwin: Conocimiento en marcha.<br><\/p>\n\n\n\n<p>Acompa\u00f1ada de la titular de la c\u00e1tedra UNESCO Vulnerabilidad e Inclusi\u00f3n Social e investigadora de la Facultad de Ciencias de la Conducta, Leonor Guadalupe Delgadillo Guzm\u00e1n, y la moderadora de la Universidad de Rennes 2 en Francia, Claudia Torres Castillo, Ortiz Reynoso destac\u00f3 que en un mundo cada vez m\u00e1s interconectado, el acceso y la producci\u00f3n de conocimiento no puede limitarse a las fronteras geogr\u00e1ficas ni a las institucionales, ya que la labor como acad\u00e9micas y acad\u00e9micos, gestores de conocimiento, exige tejer redes s\u00f3lidas para potencializar el intercambio de saberes, la movilidad de ideas y la concreci\u00f3n de soluciones a los desaf\u00edos globales.<br><\/p>\n\n\n\n<p>\u201cHoy se da un paso para la construcci\u00f3n de esta red, la cual no solo pretende compartir informaci\u00f3n, sino tambi\u00e9n poner el conocimiento en marcha, en acci\u00f3n, en di\u00e1logo al servicio de nuestras sociedades\u201d, abund\u00f3.<br><\/p>\n\n\n\n<figure class=\"wp-block-image size-large\"><img fetchpriority=\"high\" decoding=\"async\" width=\"1024\" height=\"506\" src=\"https:\/\/elinformante.mx\/wp-content\/uploads\/2025\/03\/10UAEMEX-2-5-1024x506.jpg\" alt=\"\" class=\"wp-image-77865\" srcset=\"https:\/\/elinformante.mx\/wp-content\/uploads\/2025\/03\/10UAEMEX-2-5-1024x506.jpg 1024w, https:\/\/elinformante.mx\/wp-content\/uploads\/2025\/03\/10UAEMEX-2-5-300x148.jpg 300w, https:\/\/elinformante.mx\/wp-content\/uploads\/2025\/03\/10UAEMEX-2-5-768x379.jpg 768w, https:\/\/elinformante.mx\/wp-content\/uploads\/2025\/03\/10UAEMEX-2-5.jpg 1140w\" sizes=\"(max-width: 1024px) 100vw, 1024px\" \/><\/figure>\n\n\n\n<p>Por su parte, Delgadillo Guzm\u00e1n explic\u00f3 que las l\u00edneas de acci\u00f3n de las C\u00e1tedras UNESCO se establecen en los derechos humanos, los cuales son componentes primordiales en la vida cotidiana de todas y todos, ya que permiten concebir nuestras diferencias como fuentes de riqueza. \u00c9stas buscan transferir los conocimientos, superando ideolog\u00edas, fronteras y esquemas pol\u00edticos, para sumar a la construcci\u00f3n de agendas y pol\u00edtica p\u00fablicas.<br><\/p>\n\n\n\n<p>\u201cLas y los universitarios buscamos aportar sin poseer o atrapar la verdad, para compartir lo descubierto sobre lo que debemos de mirar. Adem\u00e1s de ello, debemos recordar que el estudiantado y nuestras comunidades son los protagonistas, ya que los saberes que generemos son para ellas y ellos\u201d, apunt\u00f3.<br><\/p>\n\n\n\n<p>Finalmente, Torres Castillo mencion\u00f3 que este encuentro brinda la oportunidad de construir redes de colaboraci\u00f3n y de compartir experiencias entre las y los participantes para fortalecer nuestras experiencias y garantizar la inclusi\u00f3n no sea solo un principio si no una realidad tangible.<\/p>\n","protected":false},"excerpt":{"rendered":"<p>La Red Unitwin no solo pretende compartir informaci\u00f3n, sino tambi\u00e9n poner el conocimiento en marcha, en acci\u00f3n, en di\u00e1logo al servicio de las sociedades iberoamericanas. La iniciativa de la Red Unitwin representa una oportunidad invaluable para consolidar este espacio de colaboraci\u00f3n para intercambiar ideas y expresar el compromiso que tenemos las y los universitarios con [&hellip;]<\/p>\n","protected":false},"author":1,"featured_media":77864,"comment_status":"closed","ping_status":"closed","sticky":false,"template":"","format":"standard","meta":{"footnotes":""},"categories":[30,36],"tags":[],"class_list":["post-77863","post","type-post","status-publish","format-standard","has-post-thumbnail","hentry","category-destacado","category-edomex"],"_links":{"self":[{"href":"https:\/\/elinformante.mx\/index.php?rest_route=\/wp\/v2\/posts\/77863","targetHints":{"allow":["GET"]}}],"collection":[{"href":"https:\/\/elinformante.mx\/index.php?rest_route=\/wp\/v2\/posts"}],"about":[{"href":"https:\/\/elinformante.mx\/index.php?rest_route=\/wp\/v2\/types\/post"}],"author":[{"embeddable":true,"href":"https:\/\/elinformante.mx\/index.php?rest_route=\/wp\/v2\/users\/1"}],"replies":[{"embeddable":true,"href":"https:\/\/elinformante.mx\/index.php?rest_route=%2Fwp%2Fv2%2Fcomments&post=77863"}],"version-history":[{"count":0,"href":"https:\/\/elinformante.mx\/index.php?rest_route=\/wp\/v2\/posts\/77863\/revisions"}],"wp:featuredmedia":[{"embeddable":true,"href":"https:\/\/elinformante.mx\/index.php?rest_route=\/wp\/v2\/media\/77864"}],"wp:attachment":[{"href":"https:\/\/elinformante.mx\/index.php?rest_route=%2Fwp%2Fv2%2Fmedia&parent=77863"}],"wp:term":[{"taxonomy":"category","embeddable":true,"href":"https:\/\/elinformante.mx\/index.php?rest_route=%2Fwp%2Fv2%2Fcategories&post=77863"},{"taxonomy":"post_tag","embeddable":true,"href":"https:\/\/elinformante.mx\/index.php?rest_route=%2Fwp%2Fv2%2Ftags&post=77863"}],"curies":[{"name":"wp","href":"https:\/\/api.w.org\/{rel}","templated":true}]}}