{"id":77873,"date":"2025-03-12T06:25:10","date_gmt":"2025-03-12T12:25:10","guid":{"rendered":"https:\/\/elinformante.mx\/?p=77873"},"modified":"2025-03-12T06:25:12","modified_gmt":"2025-03-12T12:25:12","slug":"desafio-economico-enfrenta-el-edomex-ante-las-politicas-arancelarias-de-eua-laura-gonzalez","status":"publish","type":"post","link":"https:\/\/elinformante.mx\/?p=77873","title":{"rendered":"Desaf\u00edo econ\u00f3mico enfrenta el Edom\u00e9x ante las pol\u00edticas arancelarias de EUA: Laura Gonz\u00e1lez"},"content":{"rendered":"\n<figure class=\"wp-block-pullquote\"><blockquote><p>Si se aplicaran estos aranceles, podr\u00edan generarse repercusiones laborales significativas en el sector, que emplea a m\u00e1s de 13,000 personas en empresas clave como General Motors, Ford y Stellantis.<\/p><\/blockquote><\/figure>\n\n\n\n<p class=\"has-drop-cap\">El Estado de M\u00e9xico, una de las entidades m\u00e1s influyentes del pa\u00eds en t\u00e9rminos econ\u00f3micos, enfrenta una amenaza significativa derivada de las pol\u00edticas arancelarias propuestas por el presidente de Estados Unidos, Donald Trump. La incertidumbre generada por la posible imposici\u00f3n de aranceles a productos mexicanos ha puesto en alerta tanto a la poblaci\u00f3n como a la industria automotriz, uno de los sectores m\u00e1s s\u00f3lidos de la regi\u00f3n.<br><\/p>\n\n\n\n<p>La secretaria de Desarrollo Econ\u00f3mico, Laura Gonz\u00e1lez, explic\u00f3 que el impacto econ\u00f3mico potencial en el Edom\u00e9x ser\u00eda notable, especialmente debido a que el 83% de las exportaciones automotrices de M\u00e9xico est\u00e1n dirigidas al mercado estadounidense.<br><\/p>\n\n\n\n<p>Si se aplicaran estos aranceles, podr\u00edan generarse repercusiones laborales significativas en el sector, que emplea a m\u00e1s de 13,000 personas en empresas clave como General Motors, Ford y Stellantis.<br><\/p>\n\n\n\n<figure class=\"wp-block-image size-large\"><img fetchpriority=\"high\" decoding=\"async\" width=\"1024\" height=\"506\" src=\"https:\/\/elinformante.mx\/wp-content\/uploads\/2025\/03\/7EL-DESAFIO-2-1024x506.jpg\" alt=\"\" class=\"wp-image-77875\" srcset=\"https:\/\/elinformante.mx\/wp-content\/uploads\/2025\/03\/7EL-DESAFIO-2-1024x506.jpg 1024w, https:\/\/elinformante.mx\/wp-content\/uploads\/2025\/03\/7EL-DESAFIO-2-300x148.jpg 300w, https:\/\/elinformante.mx\/wp-content\/uploads\/2025\/03\/7EL-DESAFIO-2-768x379.jpg 768w, https:\/\/elinformante.mx\/wp-content\/uploads\/2025\/03\/7EL-DESAFIO-2.jpg 1140w\" sizes=\"(max-width: 1024px) 100vw, 1024px\" \/><\/figure>\n\n\n\n<p>Sin embargo, el gobierno estatal no permanece inm\u00f3vil ante esta amenaza. Gonz\u00e1lez subray\u00f3 que el Edom\u00e9x ha iniciado di\u00e1logos estrat\u00e9gicos con las principales compa\u00f1\u00edas automotrices de la regi\u00f3n, explorando oportunidades para diversificar los mercados de exportaci\u00f3n hacia regiones como Am\u00e9rica Latina y Europa. Estas acciones buscan mitigar la dependencia del comercio con Estados Unidos y asegurar la estabilidad econ\u00f3mica de la entidad.<br><\/p>\n\n\n\n<p>Adem\u00e1s, el gobierno del Edom\u00e9x ha destacado que el traslado de las compa\u00f1\u00edas automotrices a territorio estadounidense, como ha sido propuesto, es poco viable. La infraestructura, la fuerza laboral capacitada y la relaci\u00f3n comercial construida durante d\u00e9cadas se posicionan como barreras significativas para este tipo de cambios.<br><\/p>\n\n\n\n<p>En un esfuerzo por fortalecer la econom\u00eda local, el gobierno est\u00e1 promoviendo el crecimiento de empresas dentro del estado, buscando crear un entorno empresarial resiliente y menos susceptible a las pol\u00edticas externas.<br><\/p>\n\n\n\n<p>Aunque el sector automotriz enfrenta riesgos, las autoridades locales conf\u00edan en que las negociaciones estrat\u00e9gicas y la diversificaci\u00f3n de mercados ser\u00e1n clave para mantener a flote una industria que, hist\u00f3ricamente, ha sido una columna vertebral de la econom\u00eda del Edom\u00e9x.<\/p>\n","protected":false},"excerpt":{"rendered":"<p>Si se aplicaran estos aranceles, podr\u00edan generarse repercusiones laborales significativas en el sector, que emplea a m\u00e1s de 13,000 personas en empresas clave como General Motors, Ford y Stellantis. El Estado de M\u00e9xico, una de las entidades m\u00e1s influyentes del pa\u00eds en t\u00e9rminos econ\u00f3micos, enfrenta una amenaza significativa derivada de las pol\u00edticas arancelarias propuestas por [&hellip;]<\/p>\n","protected":false},"author":1,"featured_media":77874,"comment_status":"closed","ping_status":"closed","sticky":false,"template":"","format":"standard","meta":{"footnotes":""},"categories":[30,36,31],"tags":[],"class_list":["post-77873","post","type-post","status-publish","format-standard","has-post-thumbnail","hentry","category-destacado","category-edomex","category-portada"],"_links":{"self":[{"href":"https:\/\/elinformante.mx\/index.php?rest_route=\/wp\/v2\/posts\/77873","targetHints":{"allow":["GET"]}}],"collection":[{"href":"https:\/\/elinformante.mx\/index.php?rest_route=\/wp\/v2\/posts"}],"about":[{"href":"https:\/\/elinformante.mx\/index.php?rest_route=\/wp\/v2\/types\/post"}],"author":[{"embeddable":true,"href":"https:\/\/elinformante.mx\/index.php?rest_route=\/wp\/v2\/users\/1"}],"replies":[{"embeddable":true,"href":"https:\/\/elinformante.mx\/index.php?rest_route=%2Fwp%2Fv2%2Fcomments&post=77873"}],"version-history":[{"count":0,"href":"https:\/\/elinformante.mx\/index.php?rest_route=\/wp\/v2\/posts\/77873\/revisions"}],"wp:featuredmedia":[{"embeddable":true,"href":"https:\/\/elinformante.mx\/index.php?rest_route=\/wp\/v2\/media\/77874"}],"wp:attachment":[{"href":"https:\/\/elinformante.mx\/index.php?rest_route=%2Fwp%2Fv2%2Fmedia&parent=77873"}],"wp:term":[{"taxonomy":"category","embeddable":true,"href":"https:\/\/elinformante.mx\/index.php?rest_route=%2Fwp%2Fv2%2Fcategories&post=77873"},{"taxonomy":"post_tag","embeddable":true,"href":"https:\/\/elinformante.mx\/index.php?rest_route=%2Fwp%2Fv2%2Ftags&post=77873"}],"curies":[{"name":"wp","href":"https:\/\/api.w.org\/{rel}","templated":true}]}}