{"id":77890,"date":"2025-03-12T06:36:03","date_gmt":"2025-03-12T12:36:03","guid":{"rendered":"https:\/\/elinformante.mx\/?p=77890"},"modified":"2025-03-12T06:36:04","modified_gmt":"2025-03-12T12:36:04","slug":"traslada-gobierno-de-la-cdmx-a-personas-en-movilidad-a-albergues","status":"publish","type":"post","link":"https:\/\/elinformante.mx\/?p=77890","title":{"rendered":"Traslada gobierno de la CDMX a personas en movilidad a albergues"},"content":{"rendered":"\n<figure class=\"wp-block-pullquote\"><blockquote><p>Las personas en contexto de movilidad humana que aceptaron el apoyo del gobierno fueron trasladadas a alguno de los dos albergues instalados para ello.<\/p><\/blockquote><\/figure>\n\n\n\n<p class=\"has-drop-cap\">El Gobierno de la Ciudad de M\u00e9xico, a trav\u00e9s de la Secretar\u00eda de Gobierno (SECGOB) y de diversas dependencias capitalinas, salvaguard\u00f3 la integridad de las personas en contexto de movilidad, que desde 2023 permanec\u00edan en la Av. 100 Metros, alcald\u00eda Gustavo A. Madero, esto luego de la detecci\u00f3n de personas que las extorsionaban.<br><\/p>\n\n\n\n<p>Estas acciones tuvieron como principal motivaci\u00f3n garantizar la seguridad de quienes habitaban este campamento, as\u00ed como ofrecerles un espacio digno que les brinde lo necesario para que puedan recibir las atenciones y estar en un ambiente seguro, mientras toman la decisi\u00f3n de continuar su tr\u00e1nsito, el retorno voluntario asistido o su integraci\u00f3n a la ciudad.<br><\/p>\n\n\n\n<p>Personal de la Coordinaci\u00f3n General de Atenci\u00f3n a la Movilidad Humana (CGAMH), invit\u00f3 a las personas a trasladarse a los dos albergues instalados por el Gobierno de la Ciudad de M\u00e9xico, que ofrecen, adem\u00e1s de un espacio digno para refugiarse, servicios m\u00e9dicos, psicol\u00f3gicos, alimentaci\u00f3n, ludoteca, regaderas, habitaciones privadas para las familias, asesoramiento y acompa\u00f1amiento en tr\u00e1mites y en la integraci\u00f3n local al empleo y a la escuela.<br><\/p>\n\n\n\n<p>Estos espacios son albergues de puertas abiertas, con horarios flexibles, en donde quienes se refugian en ellos tienen la posibilidad de entrar y salir libremente.<br><\/p>\n\n\n\n<p>Particip\u00f3 personal de la Comisi\u00f3n de Derechos Humanos de la Ciudad de M\u00e9xico (CDHCM), que fungi\u00f3 como observadora durante todo el proceso para garantizar el respeto de los derechos humanos de las personas en contexto de movilidad humana.<br><\/p>\n\n\n\n<p>El Gobierno de la Ciudad de M\u00e9xico, encabezado por la Jefa de Gobierno, Clara Brugada Molina, busca garantizar que ninguna persona en contexto de movilidad tenga que pernoctar en la v\u00eda p\u00fablica. Para ello, fortalecer\u00e1 las capacidades de los albergues, asegurando la seguridad y los derechos humanos de estas personas.<\/p>\n","protected":false},"excerpt":{"rendered":"<p>Las personas en contexto de movilidad humana que aceptaron el apoyo del gobierno fueron trasladadas a alguno de los dos albergues instalados para ello. El Gobierno de la Ciudad de M\u00e9xico, a trav\u00e9s de la Secretar\u00eda de Gobierno (SECGOB) y de diversas dependencias capitalinas, salvaguard\u00f3 la integridad de las personas en contexto de movilidad, que [&hellip;]<\/p>\n","protected":false},"author":1,"featured_media":77891,"comment_status":"closed","ping_status":"closed","sticky":false,"template":"","format":"standard","meta":{"footnotes":""},"categories":[35],"tags":[],"class_list":["post-77890","post","type-post","status-publish","format-standard","has-post-thumbnail","hentry","category-cdmx"],"_links":{"self":[{"href":"https:\/\/elinformante.mx\/index.php?rest_route=\/wp\/v2\/posts\/77890","targetHints":{"allow":["GET"]}}],"collection":[{"href":"https:\/\/elinformante.mx\/index.php?rest_route=\/wp\/v2\/posts"}],"about":[{"href":"https:\/\/elinformante.mx\/index.php?rest_route=\/wp\/v2\/types\/post"}],"author":[{"embeddable":true,"href":"https:\/\/elinformante.mx\/index.php?rest_route=\/wp\/v2\/users\/1"}],"replies":[{"embeddable":true,"href":"https:\/\/elinformante.mx\/index.php?rest_route=%2Fwp%2Fv2%2Fcomments&post=77890"}],"version-history":[{"count":0,"href":"https:\/\/elinformante.mx\/index.php?rest_route=\/wp\/v2\/posts\/77890\/revisions"}],"wp:featuredmedia":[{"embeddable":true,"href":"https:\/\/elinformante.mx\/index.php?rest_route=\/wp\/v2\/media\/77891"}],"wp:attachment":[{"href":"https:\/\/elinformante.mx\/index.php?rest_route=%2Fwp%2Fv2%2Fmedia&parent=77890"}],"wp:term":[{"taxonomy":"category","embeddable":true,"href":"https:\/\/elinformante.mx\/index.php?rest_route=%2Fwp%2Fv2%2Fcategories&post=77890"},{"taxonomy":"post_tag","embeddable":true,"href":"https:\/\/elinformante.mx\/index.php?rest_route=%2Fwp%2Fv2%2Ftags&post=77890"}],"curies":[{"name":"wp","href":"https:\/\/api.w.org\/{rel}","templated":true}]}}