{"id":77893,"date":"2025-03-12T06:37:46","date_gmt":"2025-03-12T12:37:46","guid":{"rendered":"https:\/\/elinformante.mx\/?p=77893"},"modified":"2025-03-12T06:37:48","modified_gmt":"2025-03-12T12:37:48","slug":"clara-brugada-invita-a-disfrutar-del-festival-noche-de-primavera-en-centro-historico","status":"publish","type":"post","link":"https:\/\/elinformante.mx\/?p=77893","title":{"rendered":"Clara Brugada invita a disfrutar del Festival \u201cNoche de Primavera\u201d en Centro Hist\u00f3rico"},"content":{"rendered":"\n<figure class=\"wp-block-pullquote\"><blockquote><p>Participan 80 artistas y grupos, como Regina Orozco, Silverio, Bersuit Vergarabat, La Bruja de Texcoco, adem\u00e1s del Tercer Baile de sonideras y sonideros en el Z\u00f3calo<\/p><\/blockquote><\/figure>\n\n\n\n<p class=\"has-drop-cap\">La jefa de Gobierno, Clara Brugada Molina, encabez\u00f3 el anuncio del Festival Noche de Primavera, con 80 artistas y grupos musicales que se van a presentar los pr\u00f3ximos 21 y 22 de marzo en un total de 12 sedes, tanto del Centro Hist\u00f3rico y, por primera vez, en escenarios de la periferia de la capital, con la finalidad de garantizar el acceso a la cultura a quienes viven en las zonas m\u00e1s alejadas.<br><\/p>\n\n\n\n<p>La mandataria capitalina detall\u00f3 que esta fiesta arranca la noche del viernes 21 de marzo, d\u00eda de la primavera, con un concierto de Regina Orozco y otras agrupaciones, en el Z\u00f3calo capitalino. Al d\u00eda siguiente, el s\u00e1bado 22, esta misma plaza ser\u00e1 sede del Tercer Gran Baile de Sonideras y Sonideros, a partir del mediod\u00eda.<br><\/p>\n\n\n\n<p>El s\u00e1bado 22 de marzo, se llevar\u00e1n a cabo conciertos en las 12 sedes programadas, que por primera ocasi\u00f3n incluyen seis sitios fuera del Centro Hist\u00f3rico, con la finalidad de descentralizar la cultura: el Faro de Oriente, Utop\u00eda Meyehualco, Deportivo Plutarco El\u00edas Calles, Deportivo Xochimilco, Jard\u00edn Hidalgo en el centro de la alcald\u00eda Coyoac\u00e1n, y La Ca\u00f1ada, en Los Dinamos, alcald\u00eda La Magdalena Contreras, donde se ubica el \u00fanico r\u00edo vivo de la ciudad.<br><\/p>\n\n\n\n<p>En ese sentido, dijo que el Z\u00f3calo se mantendr\u00e1 como el gran escenario cultural capitalino, pero durante su administraci\u00f3n se van a posicionar otros escenarios a lo largo y ancho de la ciudad donde estar\u00e1n la cultura y los grupos que m\u00e1s gustan a la poblaci\u00f3n.<br><\/p>\n\n\n\n<p>Y dijo: \u201cInvito a todas las capitalinas y capitalinos a disfrutar de 80 grupos o bandas de m\u00fasica que llegar\u00e1n a 12 sedes de la ciudad; seis en el Centro Hist\u00f3rico y otras seis en otras partes de la ciudad.<br><\/p>\n\n\n\n<p>\u201c\u00a1Que viva la cultura! \u00a1que viva el Festival de la Primavera! \u00a1que viva el D\u00eda de la Primavera! y \u00a1que vivan todos los grupos musicales que van a estar presentes!\u201d, exclam\u00f3.<br><\/p>\n\n\n\n<figure class=\"wp-block-image size-large\"><img fetchpriority=\"high\" decoding=\"async\" width=\"1024\" height=\"506\" src=\"https:\/\/elinformante.mx\/wp-content\/uploads\/2025\/03\/5clara-2-4-1024x506.jpg\" alt=\"\" class=\"wp-image-77895\" srcset=\"https:\/\/elinformante.mx\/wp-content\/uploads\/2025\/03\/5clara-2-4-1024x506.jpg 1024w, https:\/\/elinformante.mx\/wp-content\/uploads\/2025\/03\/5clara-2-4-300x148.jpg 300w, https:\/\/elinformante.mx\/wp-content\/uploads\/2025\/03\/5clara-2-4-768x379.jpg 768w, https:\/\/elinformante.mx\/wp-content\/uploads\/2025\/03\/5clara-2-4.jpg 1140w\" sizes=\"(max-width: 1024px) 100vw, 1024px\" \/><\/figure>\n\n\n\n<p>La secretaria de Cultura, Ana Francis L\u00f3pez Bayghen Pati\u00f1o, detall\u00f3 las sedes y g\u00e9neros musicales en cada uno de los espacios de la Noche de Primavera.<br><\/p>\n\n\n\n<p>En el caso del Centro Hist\u00f3rico, habr\u00e1 sonideros en el Z\u00f3calo; boleros en el kiosco de la Alameda Central; \u00f3pera en el balc\u00f3n del Museo del Estanquillo; rock en el Monumento a la Revoluci\u00f3n, donde se presentar\u00e1 Bersuit Vergarabat; fusi\u00f3n latina en Doctor Mora y m\u00fasica electr\u00f3nica en la plaza Manuel Tols\u00e1, donde se tendr\u00e1 el cierre del festival.<br><\/p>\n\n\n\n<p>En el Faro de Oriente, alcald\u00eda Iztapalapa, habr\u00e1 m\u00fasica urbana; en la Utop\u00eda Meyehualco, tambi\u00e9n de Iztapalapa, m\u00fasica tropical; Deportivo Xochimilco, reggae; en La Ca\u00f1ada, en Los Dinamos, habr\u00e1 electropop; en el Deportivo Plutarco El\u00edas Calles, alcald\u00eda Venustiano Carranza, se realizar\u00e1 un homenaje a Javier B\u00e1tiz con rock y blues, y en el Jard\u00edn Hidalgo, en Coyoac\u00e1n, habr\u00e1 folklore.<br><\/p>\n\n\n\n<p>En esta edici\u00f3n, resalt\u00f3, habr\u00e1 80 agrupaciones musicales; de estas, la mitad son lideradas por mujeres, y en total participan cerca de 300 artistas.<br><\/p>\n\n\n\n<p>Adem\u00e1s, hay 12 elencos internacionales provenientes de Estados Unidos, Argentina, Colombia, Jamaica, Tailandia, Francia, Alemania y Polonia. En el caso de la Ciudad de M\u00e9xico, participan tambi\u00e9n nueve agrupaciones de la Secretar\u00eda de Cultura y dos de la Secretar\u00eda de Seguridad Ciudadana.<br><\/p>\n\n\n\n<p>En el anuncio de la Noche de Primavera tambi\u00e9n estuvieron cantantes y artistas como Regina Orozco, La Bruja de Texcoco, Silverio y Ely Fania; tambi\u00e9n el baterista fundador de Los Locos del Ritmo, Rafa Acosta; el cantante fundador de Real de Catorce, Jos\u00e9 Cruz; as\u00ed como Memo Pimiento, Pahua, la integrante de Vondr\u00e9 Ana Cristina Espinosa y el cantante del tr\u00edo Los Panchos Gabriel Vargas. En https:\/\/cartelera.cdmx.gob.mx se puede consultar m\u00e1s informaci\u00f3n del festival.<\/p>\n","protected":false},"excerpt":{"rendered":"<p>Participan 80 artistas y grupos, como Regina Orozco, Silverio, Bersuit Vergarabat, La Bruja de Texcoco, adem\u00e1s del Tercer Baile de sonideras y sonideros en el Z\u00f3calo La jefa de Gobierno, Clara Brugada Molina, encabez\u00f3 el anuncio del Festival Noche de Primavera, con 80 artistas y grupos musicales que se van a presentar los pr\u00f3ximos 21 [&hellip;]<\/p>\n","protected":false},"author":1,"featured_media":77894,"comment_status":"closed","ping_status":"closed","sticky":false,"template":"","format":"standard","meta":{"footnotes":""},"categories":[35,30],"tags":[],"class_list":["post-77893","post","type-post","status-publish","format-standard","has-post-thumbnail","hentry","category-cdmx","category-destacado"],"_links":{"self":[{"href":"https:\/\/elinformante.mx\/index.php?rest_route=\/wp\/v2\/posts\/77893","targetHints":{"allow":["GET"]}}],"collection":[{"href":"https:\/\/elinformante.mx\/index.php?rest_route=\/wp\/v2\/posts"}],"about":[{"href":"https:\/\/elinformante.mx\/index.php?rest_route=\/wp\/v2\/types\/post"}],"author":[{"embeddable":true,"href":"https:\/\/elinformante.mx\/index.php?rest_route=\/wp\/v2\/users\/1"}],"replies":[{"embeddable":true,"href":"https:\/\/elinformante.mx\/index.php?rest_route=%2Fwp%2Fv2%2Fcomments&post=77893"}],"version-history":[{"count":0,"href":"https:\/\/elinformante.mx\/index.php?rest_route=\/wp\/v2\/posts\/77893\/revisions"}],"wp:featuredmedia":[{"embeddable":true,"href":"https:\/\/elinformante.mx\/index.php?rest_route=\/wp\/v2\/media\/77894"}],"wp:attachment":[{"href":"https:\/\/elinformante.mx\/index.php?rest_route=%2Fwp%2Fv2%2Fmedia&parent=77893"}],"wp:term":[{"taxonomy":"category","embeddable":true,"href":"https:\/\/elinformante.mx\/index.php?rest_route=%2Fwp%2Fv2%2Fcategories&post=77893"},{"taxonomy":"post_tag","embeddable":true,"href":"https:\/\/elinformante.mx\/index.php?rest_route=%2Fwp%2Fv2%2Ftags&post=77893"}],"curies":[{"name":"wp","href":"https:\/\/api.w.org\/{rel}","templated":true}]}}