{"id":77904,"date":"2025-03-12T06:45:00","date_gmt":"2025-03-12T12:45:00","guid":{"rendered":"https:\/\/elinformante.mx\/?p=77904"},"modified":"2025-03-12T06:45:08","modified_gmt":"2025-03-12T12:45:08","slug":"guanajuato-y-japon-fortalecen-lazos-comerciales-en-la-feria-foodex-2025","status":"publish","type":"post","link":"https:\/\/elinformante.mx\/?p=77904","title":{"rendered":"Guanajuato y Jap\u00f3n fortalecen lazos comerciales en la Feria Foodex 2025"},"content":{"rendered":"\n<figure class=\"wp-block-pullquote\"><blockquote><p>El objetivo es atraer inversiones y aumentar la presencia de productos guanajuatenses en el mercado asi\u00e1tico.<\/p><\/blockquote><\/figure>\n\n\n\n<p class=\"has-drop-cap\">En la Feria Foodex Jap\u00f3n 2025, uno de los eventos m\u00e1s importantes del sector agroalimentario en Asia, el estado de Guanajuato refuerza sus lazos comerciales con Jap\u00f3n, con una delegaci\u00f3n que adem\u00e1s de atraer nuevas inversiones, se reunir\u00e1n con empresas japonesas ya instaladas en el estado, buscando su expansi\u00f3n, inform\u00f3 la Secretar\u00eda de Desarrollo Econ\u00f3mico.<br><\/p>\n\n\n\n<p>Jap\u00f3n es el principal emisor de Inversi\u00f3n Extranjera Directa (IED) en la entidad, con un monto acumulado de 8,989 millones de d\u00f3lares distribuidos en 145 proyectos generadores de 48,140 empleos en sectores como la industria automotriz, manufactura avanzada y agroindustria.<br><\/p>\n\n\n\n<p>\u201cJap\u00f3n conf\u00eda en nuestro estado, y nuestra tarea es seguir consolidando a Guanajuato como el mejor lugar para invertir, crecer e innovar\u201d, se\u00f1al\u00f3 Cristina Villase\u00f1or, titular de la Secretar\u00eda de Econom\u00eda.<br><\/p>\n\n\n\n<p>La delegaci\u00f3n guanajuatense tiene como metas durante su participaci\u00f3n en Foodex Jap\u00f3n 2025 atraer nuevas inversiones que impulsen sectores estrat\u00e9gicos y generen empleos de alto valor para las familias guanajuatenses; expandir la presencia de productos guanajuatenses en Asia, principalmente del sector agroalimentario; y fortalecer la relaci\u00f3n con corporativos japoneses.<br><\/p>\n\n\n\n<p>La estrategia de desarrollo econ\u00f3mico de la entidad contempla el impulso al campo, \u201cJap\u00f3n es un mercado estrat\u00e9gico para los productos guanajuatenses, con una demanda creciente de alimentos de alta calidad, Guanajuato es l\u00edder en la exportaci\u00f3n de br\u00f3coli, esp\u00e1rragos, berries, carne de res, tequila, mezcal y productos procesados, los cuales tienen un gran potencial en el mercado asi\u00e1tico\u201d inform\u00f3 la dependencia.<br><\/p>\n\n\n\n<p>Esta misi\u00f3n comercial reforzar\u00e1 el compromiso de Guanajuato con un crecimiento econ\u00f3mico basado en la atracci\u00f3n de inversi\u00f3n dirigida, la generaci\u00f3n de empleos y el fortalecimiento de sectores estrat\u00e9gicos como la industria y el agroalimentos.<br><\/p>\n\n\n\n<p>\u201cGuanajuato es un estado con visi\u00f3n global, pero con los pies firmes en el bienestar de su gente. Nuestra relaci\u00f3n con Jap\u00f3n es un ejemplo de c\u00f3mo, con estrategia y trabajo en equipo, podemos atraer inversi\u00f3n dirigida, abrir mercados y consolidar ecosistemas de prosperidad que beneficien a todas y todos\u201d, concluy\u00f3 Villase\u00f1or.<\/p>\n\n\n\n<p><\/p>\n","protected":false},"excerpt":{"rendered":"<p>El objetivo es atraer inversiones y aumentar la presencia de productos guanajuatenses en el mercado asi\u00e1tico. En la Feria Foodex Jap\u00f3n 2025, uno de los eventos m\u00e1s importantes del sector agroalimentario en Asia, el estado de Guanajuato refuerza sus lazos comerciales con Jap\u00f3n, con una delegaci\u00f3n que adem\u00e1s de atraer nuevas inversiones, se reunir\u00e1n con [&hellip;]<\/p>\n","protected":false},"author":1,"featured_media":77905,"comment_status":"closed","ping_status":"closed","sticky":false,"template":"","format":"standard","meta":{"footnotes":""},"categories":[34],"tags":[],"class_list":["post-77904","post","type-post","status-publish","format-standard","has-post-thumbnail","hentry","category-nacional"],"_links":{"self":[{"href":"https:\/\/elinformante.mx\/index.php?rest_route=\/wp\/v2\/posts\/77904","targetHints":{"allow":["GET"]}}],"collection":[{"href":"https:\/\/elinformante.mx\/index.php?rest_route=\/wp\/v2\/posts"}],"about":[{"href":"https:\/\/elinformante.mx\/index.php?rest_route=\/wp\/v2\/types\/post"}],"author":[{"embeddable":true,"href":"https:\/\/elinformante.mx\/index.php?rest_route=\/wp\/v2\/users\/1"}],"replies":[{"embeddable":true,"href":"https:\/\/elinformante.mx\/index.php?rest_route=%2Fwp%2Fv2%2Fcomments&post=77904"}],"version-history":[{"count":0,"href":"https:\/\/elinformante.mx\/index.php?rest_route=\/wp\/v2\/posts\/77904\/revisions"}],"wp:featuredmedia":[{"embeddable":true,"href":"https:\/\/elinformante.mx\/index.php?rest_route=\/wp\/v2\/media\/77905"}],"wp:attachment":[{"href":"https:\/\/elinformante.mx\/index.php?rest_route=%2Fwp%2Fv2%2Fmedia&parent=77904"}],"wp:term":[{"taxonomy":"category","embeddable":true,"href":"https:\/\/elinformante.mx\/index.php?rest_route=%2Fwp%2Fv2%2Fcategories&post=77904"},{"taxonomy":"post_tag","embeddable":true,"href":"https:\/\/elinformante.mx\/index.php?rest_route=%2Fwp%2Fv2%2Ftags&post=77904"}],"curies":[{"name":"wp","href":"https:\/\/api.w.org\/{rel}","templated":true}]}}