{"id":77910,"date":"2025-03-12T06:49:07","date_gmt":"2025-03-12T12:49:07","guid":{"rendered":"https:\/\/elinformante.mx\/?p=77910"},"modified":"2025-03-12T06:49:10","modified_gmt":"2025-03-12T12:49:10","slug":"asistira-fernandez-norona-a-parlamento-internacional","status":"publish","type":"post","link":"https:\/\/elinformante.mx\/?p=77910","title":{"rendered":"Asistir\u00e1 Fern\u00e1ndez Noro\u00f1a a Parlamento Internacional"},"content":{"rendered":"\n<figure class=\"wp-block-pullquote\"><blockquote><p>En el encuentro participar\u00e1n 46 presidentes de parlamentos europeos.<\/p><\/blockquote><\/figure>\n\n\n\n<p class=\"has-drop-cap\">El presidente de la Mesa Directiva del Senado de la Rep\u00fablica, Gerardo Fern\u00e1ndez Noro\u00f1a, inform\u00f3 que acudir\u00e1 la pr\u00f3xima semana a un Parlamento, en Estrasburgo, Francia, en donde participar\u00e1n 46 presidentes de parlamentos europeos y \u201cpr\u00e1cticamente todos se han confirmado\u201d.<br><\/p>\n\n\n\n<p>Destac\u00f3 que es un encuentro importante, pues la invitaci\u00f3n se realiz\u00f3 a M\u00e9xico, como pa\u00eds, por lo que ser\u00e1 un viaje \u201crel\u00e1mpago\u201d, considerando que viajar\u00e1 el pr\u00f3ximo martes 18 de marzo por la noche y regresar\u00e1 el fin de semana.<br><\/p>\n\n\n\n<p>Fern\u00e1ndez Noro\u00f1a anot\u00f3 que su mensaje est\u00e1 perfilado para hablar de lo que sucede con Estados Unidos, del buen manejo que ha hecho la presidenta Claudia Sheinbaum Pardo, que ha sido \u201cexcepcional\u201d, de la importancia de acabar con el racismo, con el clasismo y la preocupaci\u00f3n que hay en Europa sobre lo acontecido.<br><\/p>\n\n\n\n<p>Adem\u00e1s, dijo, abordar\u00e1 la importancia para dejar de perseguir la migraci\u00f3n como si se tratara de un delito, de generar un trato m\u00e1s humano para los migrantes, de generar inversi\u00f3n en los pa\u00edses que tienen dificultades econ\u00f3micas para que la migraci\u00f3n disminuya, de la defensa de la soberan\u00eda e independencia y de la integraci\u00f3n econ\u00f3mica del continente americano, que es una buena iniciativa y que se debe impulsar y tomar con seriedad.<br><\/p>\n\n\n\n<p>El presidente de la Mesa Directiva del Senado agreg\u00f3 que m\u00e1s que ir al Congreso de Estados Unidos, es mejor ir a la patria grande. Rechaz\u00f3 que M\u00e9xico est\u00e9 peleado con Espa\u00f1a, y que si bien, \u00e9l en lo particular no comparte la posici\u00f3n racista de la monarqu\u00eda, no significa que haya conflicto, pues su forma de gobierno es una decisi\u00f3n del pueblo espa\u00f1ol.<\/p>\n","protected":false},"excerpt":{"rendered":"<p>En el encuentro participar\u00e1n 46 presidentes de parlamentos europeos. El presidente de la Mesa Directiva del Senado de la Rep\u00fablica, Gerardo Fern\u00e1ndez Noro\u00f1a, inform\u00f3 que acudir\u00e1 la pr\u00f3xima semana a un Parlamento, en Estrasburgo, Francia, en donde participar\u00e1n 46 presidentes de parlamentos europeos y \u201cpr\u00e1cticamente todos se han confirmado\u201d. Destac\u00f3 que es un encuentro importante, [&hellip;]<\/p>\n","protected":false},"author":1,"featured_media":77911,"comment_status":"closed","ping_status":"closed","sticky":false,"template":"","format":"standard","meta":{"footnotes":""},"categories":[30,34,31],"tags":[],"class_list":["post-77910","post","type-post","status-publish","format-standard","has-post-thumbnail","hentry","category-destacado","category-nacional","category-portada"],"_links":{"self":[{"href":"https:\/\/elinformante.mx\/index.php?rest_route=\/wp\/v2\/posts\/77910","targetHints":{"allow":["GET"]}}],"collection":[{"href":"https:\/\/elinformante.mx\/index.php?rest_route=\/wp\/v2\/posts"}],"about":[{"href":"https:\/\/elinformante.mx\/index.php?rest_route=\/wp\/v2\/types\/post"}],"author":[{"embeddable":true,"href":"https:\/\/elinformante.mx\/index.php?rest_route=\/wp\/v2\/users\/1"}],"replies":[{"embeddable":true,"href":"https:\/\/elinformante.mx\/index.php?rest_route=%2Fwp%2Fv2%2Fcomments&post=77910"}],"version-history":[{"count":0,"href":"https:\/\/elinformante.mx\/index.php?rest_route=\/wp\/v2\/posts\/77910\/revisions"}],"wp:featuredmedia":[{"embeddable":true,"href":"https:\/\/elinformante.mx\/index.php?rest_route=\/wp\/v2\/media\/77911"}],"wp:attachment":[{"href":"https:\/\/elinformante.mx\/index.php?rest_route=%2Fwp%2Fv2%2Fmedia&parent=77910"}],"wp:term":[{"taxonomy":"category","embeddable":true,"href":"https:\/\/elinformante.mx\/index.php?rest_route=%2Fwp%2Fv2%2Fcategories&post=77910"},{"taxonomy":"post_tag","embeddable":true,"href":"https:\/\/elinformante.mx\/index.php?rest_route=%2Fwp%2Fv2%2Ftags&post=77910"}],"curies":[{"name":"wp","href":"https:\/\/api.w.org\/{rel}","templated":true}]}}