{"id":77928,"date":"2025-03-12T16:40:13","date_gmt":"2025-03-12T22:40:13","guid":{"rendered":"https:\/\/elinformante.mx\/?p=77928"},"modified":"2025-03-12T16:40:14","modified_gmt":"2025-03-12T22:40:14","slug":"sheinbaum-va-esperar-al-2-de-abril-para-responder-a-aranceles","status":"publish","type":"post","link":"https:\/\/elinformante.mx\/?p=77928","title":{"rendered":"SHEINBAUM VA ESPERAR AL 2 DE ABRIL PARA RESPONDER A ARANCELES"},"content":{"rendered":"\n<p>En la ma\u00f1anera de este d\u00eda, la presidenta de M\u00e9xico, Claudia Sheinbaum Pardo, inform\u00f3 que esperar\u00e1 al 2 de abril para dar respuesta a los aranceles al acero y al aluminio impulsados por el presidente estadounidense, Donald J. Trump.<\/p>\n\n\n\n<p>Sheinbaum, mencion\u00f3 \u201cVamos a esperar al 2 de abril y a partir de ah\u00ed, la definici\u00f3n nuestra, si se ponen aranceles o no, rec\u00edprocos tambi\u00e9n, en el caso del aluminio, del acero o dependiendo c\u00f3mo venga\u201d.\u00a0<\/p>\n\n\n\n<p>Adem\u00e1s, indic\u00f3 que \u201cA diferencia del periodo neoliberal, hoy hay un nuevo modelo de desarrollo econ\u00f3mico. Hoy la econom\u00eda tiene un impulso muy importante, porque viene un impulso desde abajo\u201d.&nbsp;&nbsp;<\/p>\n","protected":false},"excerpt":{"rendered":"<p>En la ma\u00f1anera de este d\u00eda, la presidenta de M\u00e9xico, Claudia Sheinbaum Pardo, inform\u00f3 que esperar\u00e1 al 2 de abril para dar respuesta a los aranceles al acero y al aluminio impulsados por el presidente estadounidense, Donald J. Trump. Sheinbaum, mencion\u00f3 \u201cVamos a esperar al 2 de abril y a partir de ah\u00ed, la definici\u00f3n [&hellip;]<\/p>\n","protected":false},"author":2,"featured_media":77929,"comment_status":"closed","ping_status":"closed","sticky":false,"template":"","format":"standard","meta":{"footnotes":""},"categories":[34],"tags":[],"class_list":["post-77928","post","type-post","status-publish","format-standard","has-post-thumbnail","hentry","category-nacional"],"_links":{"self":[{"href":"https:\/\/elinformante.mx\/index.php?rest_route=\/wp\/v2\/posts\/77928","targetHints":{"allow":["GET"]}}],"collection":[{"href":"https:\/\/elinformante.mx\/index.php?rest_route=\/wp\/v2\/posts"}],"about":[{"href":"https:\/\/elinformante.mx\/index.php?rest_route=\/wp\/v2\/types\/post"}],"author":[{"embeddable":true,"href":"https:\/\/elinformante.mx\/index.php?rest_route=\/wp\/v2\/users\/2"}],"replies":[{"embeddable":true,"href":"https:\/\/elinformante.mx\/index.php?rest_route=%2Fwp%2Fv2%2Fcomments&post=77928"}],"version-history":[{"count":0,"href":"https:\/\/elinformante.mx\/index.php?rest_route=\/wp\/v2\/posts\/77928\/revisions"}],"wp:featuredmedia":[{"embeddable":true,"href":"https:\/\/elinformante.mx\/index.php?rest_route=\/wp\/v2\/media\/77929"}],"wp:attachment":[{"href":"https:\/\/elinformante.mx\/index.php?rest_route=%2Fwp%2Fv2%2Fmedia&parent=77928"}],"wp:term":[{"taxonomy":"category","embeddable":true,"href":"https:\/\/elinformante.mx\/index.php?rest_route=%2Fwp%2Fv2%2Fcategories&post=77928"},{"taxonomy":"post_tag","embeddable":true,"href":"https:\/\/elinformante.mx\/index.php?rest_route=%2Fwp%2Fv2%2Ftags&post=77928"}],"curies":[{"name":"wp","href":"https:\/\/api.w.org\/{rel}","templated":true}]}}