{"id":77931,"date":"2025-03-12T16:43:38","date_gmt":"2025-03-12T22:43:38","guid":{"rendered":"https:\/\/elinformante.mx\/?p=77931"},"modified":"2025-03-12T16:43:41","modified_gmt":"2025-03-12T22:43:41","slug":"detienen-a-dos-hombres-con-712-kilos-de-metanfetamina","status":"publish","type":"post","link":"https:\/\/elinformante.mx\/?p=77931","title":{"rendered":"DETIENEN A DOS HOMBRES CON 712 KILOS DE METANFETAMINA"},"content":{"rendered":"\n<p>El titular de la Secretar\u00eda de Seguridad y Protecci\u00f3n Ciudadana, Omar Garc\u00eda Harfuch, inform\u00f3 que fueron detenidos dos hombres que transportaban metanfetamina oculta en cajas de tostadas de nopal y ch\u00eda.\u00a0<br><\/p>\n\n\n\n<p>Los dos hombres fueron capturados en San Fernando, Tamaulipas; la droga estaba oculta en 389 paquetes que transportaba un tr\u00e1iler. Se detall\u00f3 que en el interior conten\u00edan 712 kilos de metanfetamina.&nbsp;&nbsp;&nbsp;<\/p>\n","protected":false},"excerpt":{"rendered":"<p>El titular de la Secretar\u00eda de Seguridad y Protecci\u00f3n Ciudadana, Omar Garc\u00eda Harfuch, inform\u00f3 que fueron detenidos dos hombres que transportaban metanfetamina oculta en cajas de tostadas de nopal y ch\u00eda.\u00a0 Los dos hombres fueron capturados en San Fernando, Tamaulipas; la droga estaba oculta en 389 paquetes que transportaba un tr\u00e1iler. Se detall\u00f3 que en [&hellip;]<\/p>\n","protected":false},"author":2,"featured_media":0,"comment_status":"closed","ping_status":"closed","sticky":false,"template":"","format":"standard","meta":{"footnotes":""},"categories":[34],"tags":[],"class_list":["post-77931","post","type-post","status-publish","format-standard","hentry","category-nacional"],"_links":{"self":[{"href":"https:\/\/elinformante.mx\/index.php?rest_route=\/wp\/v2\/posts\/77931","targetHints":{"allow":["GET"]}}],"collection":[{"href":"https:\/\/elinformante.mx\/index.php?rest_route=\/wp\/v2\/posts"}],"about":[{"href":"https:\/\/elinformante.mx\/index.php?rest_route=\/wp\/v2\/types\/post"}],"author":[{"embeddable":true,"href":"https:\/\/elinformante.mx\/index.php?rest_route=\/wp\/v2\/users\/2"}],"replies":[{"embeddable":true,"href":"https:\/\/elinformante.mx\/index.php?rest_route=%2Fwp%2Fv2%2Fcomments&post=77931"}],"version-history":[{"count":0,"href":"https:\/\/elinformante.mx\/index.php?rest_route=\/wp\/v2\/posts\/77931\/revisions"}],"wp:attachment":[{"href":"https:\/\/elinformante.mx\/index.php?rest_route=%2Fwp%2Fv2%2Fmedia&parent=77931"}],"wp:term":[{"taxonomy":"category","embeddable":true,"href":"https:\/\/elinformante.mx\/index.php?rest_route=%2Fwp%2Fv2%2Fcategories&post=77931"},{"taxonomy":"post_tag","embeddable":true,"href":"https:\/\/elinformante.mx\/index.php?rest_route=%2Fwp%2Fv2%2Ftags&post=77931"}],"curies":[{"name":"wp","href":"https:\/\/api.w.org\/{rel}","templated":true}]}}