{"id":77934,"date":"2025-03-12T16:47:10","date_gmt":"2025-03-12T22:47:10","guid":{"rendered":"https:\/\/elinformante.mx\/?p=77934"},"modified":"2025-03-12T16:47:12","modified_gmt":"2025-03-12T22:47:12","slug":"el-papa-francisco-muestra-mejoras-leves","status":"publish","type":"post","link":"https:\/\/elinformante.mx\/?p=77934","title":{"rendered":"EL PAPA FRANCISCO MUESTRA MEJORAS LEVES"},"content":{"rendered":"\n<p>\u00a0Este d\u00eda, el Vaticano, inform\u00f3 que el Papa Francisco contin\u00faa mostrando mejor\u00edas leves, se detall\u00f3 que alterna dos tipos de oxigenaci\u00f3n y sigue con fisioterapia motora y respiratoria, adem\u00e1s, la \u00faltima radiograf\u00eda confirma las mejoras de los \u00faltimos d\u00edas<\/p>\n","protected":false},"excerpt":{"rendered":"<p>\u00a0Este d\u00eda, el Vaticano, inform\u00f3 que el Papa Francisco contin\u00faa mostrando mejor\u00edas leves, se detall\u00f3 que alterna dos tipos de oxigenaci\u00f3n y sigue con fisioterapia motora y respiratoria, adem\u00e1s, la \u00faltima radiograf\u00eda confirma las mejoras de los \u00faltimos d\u00edas<\/p>\n","protected":false},"author":2,"featured_media":77935,"comment_status":"closed","ping_status":"closed","sticky":false,"template":"","format":"standard","meta":{"footnotes":""},"categories":[33],"tags":[],"class_list":["post-77934","post","type-post","status-publish","format-standard","has-post-thumbnail","hentry","category-mundo"],"_links":{"self":[{"href":"https:\/\/elinformante.mx\/index.php?rest_route=\/wp\/v2\/posts\/77934","targetHints":{"allow":["GET"]}}],"collection":[{"href":"https:\/\/elinformante.mx\/index.php?rest_route=\/wp\/v2\/posts"}],"about":[{"href":"https:\/\/elinformante.mx\/index.php?rest_route=\/wp\/v2\/types\/post"}],"author":[{"embeddable":true,"href":"https:\/\/elinformante.mx\/index.php?rest_route=\/wp\/v2\/users\/2"}],"replies":[{"embeddable":true,"href":"https:\/\/elinformante.mx\/index.php?rest_route=%2Fwp%2Fv2%2Fcomments&post=77934"}],"version-history":[{"count":0,"href":"https:\/\/elinformante.mx\/index.php?rest_route=\/wp\/v2\/posts\/77934\/revisions"}],"wp:featuredmedia":[{"embeddable":true,"href":"https:\/\/elinformante.mx\/index.php?rest_route=\/wp\/v2\/media\/77935"}],"wp:attachment":[{"href":"https:\/\/elinformante.mx\/index.php?rest_route=%2Fwp%2Fv2%2Fmedia&parent=77934"}],"wp:term":[{"taxonomy":"category","embeddable":true,"href":"https:\/\/elinformante.mx\/index.php?rest_route=%2Fwp%2Fv2%2Fcategories&post=77934"},{"taxonomy":"post_tag","embeddable":true,"href":"https:\/\/elinformante.mx\/index.php?rest_route=%2Fwp%2Fv2%2Ftags&post=77934"}],"curies":[{"name":"wp","href":"https:\/\/api.w.org\/{rel}","templated":true}]}}