{"id":77966,"date":"2025-03-13T05:39:57","date_gmt":"2025-03-13T11:39:57","guid":{"rendered":"https:\/\/elinformante.mx\/?p=77966"},"modified":"2025-03-13T05:40:05","modified_gmt":"2025-03-13T11:40:05","slug":"desmantelan-autoridades-en-ixtlahuaca-un-laboratorio-para-fabricacion-de-drogas-sinteticas","status":"publish","type":"post","link":"https:\/\/elinformante.mx\/?p=77966","title":{"rendered":"Desmantelan autoridades en Ixtlahuaca un laboratorio para fabricaci\u00f3n de drogas sint\u00e9ticas"},"content":{"rendered":"\n<figure class=\"wp-block-pullquote\"><blockquote><p>En la acci\u00f3n operativa participaron elementos de la SSPC, Semar, Defensa, FGR y GN junto con la Secretar\u00eda de Seguridad del Estado de M\u00e9xico<\/p><\/blockquote><\/figure>\n\n\n\n<p class=\"has-drop-cap\">En el marco de la Estrategia Nacional de Seguridad, en el Estado de M\u00e9xico, en una acci\u00f3n realizada por elementos de la Secretar\u00eda de Seguridad y Protecci\u00f3n Ciudadana (SSPC), Secretar\u00eda de Marina (Semar), con la Secretar\u00eda de la Defensa Nacional (Defensa), Fiscal\u00eda General de la Rep\u00fablica (FGR) y Guardia Nacional (GN), junto con la Secretar\u00eda de Seguridad del Estado de M\u00e9xico, se desmantel\u00f3 un laboratorio para la fabricaci\u00f3n de droga sint\u00e9ticas.<br><\/p>\n\n\n\n<p>Tras atender denuncias ciudadanas sobre la presencia de personas armadas en un inmueble ubicado en la comunidad San Juan de las Manzanas, en el municipio de Santa Ana Ixtlahuaca, utilizado como laboratorio clandestino para la elaboraci\u00f3n de drogas, los agentes de seguridad implementaron recorridos de seguridad en la zona.<br><\/p>\n\n\n\n<figure class=\"wp-block-image size-large\"><img fetchpriority=\"high\" decoding=\"async\" width=\"1024\" height=\"506\" src=\"https:\/\/elinformante.mx\/wp-content\/uploads\/2025\/03\/13desmantelan-1024x506.jpg\" alt=\"\" class=\"wp-image-77968\" srcset=\"https:\/\/elinformante.mx\/wp-content\/uploads\/2025\/03\/13desmantelan-1024x506.jpg 1024w, https:\/\/elinformante.mx\/wp-content\/uploads\/2025\/03\/13desmantelan-300x148.jpg 300w, https:\/\/elinformante.mx\/wp-content\/uploads\/2025\/03\/13desmantelan-768x379.jpg 768w, https:\/\/elinformante.mx\/wp-content\/uploads\/2025\/03\/13desmantelan.jpg 1140w\" sizes=\"(max-width: 1024px) 100vw, 1024px\" \/><\/figure>\n\n\n\n<p>Al acercarse al inmueble para corroborar la situaci\u00f3n, los efectivos hallaron tres estructuras de madera y l\u00e1minas para la elaboraci\u00f3n de drogas sint\u00e9ticas, adem\u00e1s de 70 kilos de droga sint\u00e9tica.<br><\/p>\n\n\n\n<p>Tambi\u00e9n se aseguraron 105 bidones con qu\u00edmicos de 50 litros aproximadamente, 18 tinas color caf\u00e9, tres mezcladoras, siete ollas de peltre, dos b\u00e1sculas, tres batidoras, una olla para mezclar, 19 costales de per\u00f3xido, una caja de precursor con 50 kilos aproximadamente, 10 litros de aceite, una planta de luz, un tinaco cisterna de 10,000 litros, as\u00ed como 66 tambos de 100 litros con alcohol, tolueno, acetona y cloro, adem\u00e1s de diferentes herramientas.<br><\/p>\n\n\n\n<figure class=\"wp-block-image size-large\"><img decoding=\"async\" width=\"1024\" height=\"506\" src=\"https:\/\/elinformante.mx\/wp-content\/uploads\/2025\/03\/13desmantelan-3-1024x506.jpg\" alt=\"\" class=\"wp-image-77969\" srcset=\"https:\/\/elinformante.mx\/wp-content\/uploads\/2025\/03\/13desmantelan-3-1024x506.jpg 1024w, https:\/\/elinformante.mx\/wp-content\/uploads\/2025\/03\/13desmantelan-3-300x148.jpg 300w, https:\/\/elinformante.mx\/wp-content\/uploads\/2025\/03\/13desmantelan-3-768x379.jpg 768w, https:\/\/elinformante.mx\/wp-content\/uploads\/2025\/03\/13desmantelan-3.jpg 1140w\" sizes=\"(max-width: 1024px) 100vw, 1024px\" \/><\/figure>\n\n\n\n<p>El lugar qued\u00f3 bajo resguardo policial y se inform\u00f3 al agente del Ministerio P\u00fablico, quien integrar\u00e1 la carpeta de investigaci\u00f3n del caso y realizar\u00e1 las investigaciones subsecuentes.<br><\/p>\n\n\n\n<p>Las instituciones del Gabinete de Seguridad refrendan su compromiso de trabajar de manera coordinada con autoridades locales para construir la paz en el pa\u00eds.<\/p>\n","protected":false},"excerpt":{"rendered":"<p>En la acci\u00f3n operativa participaron elementos de la SSPC, Semar, Defensa, FGR y GN junto con la Secretar\u00eda de Seguridad del Estado de M\u00e9xico En el marco de la Estrategia Nacional de Seguridad, en el Estado de M\u00e9xico, en una acci\u00f3n realizada por elementos de la Secretar\u00eda de Seguridad y Protecci\u00f3n Ciudadana (SSPC), Secretar\u00eda de [&hellip;]<\/p>\n","protected":false},"author":1,"featured_media":77967,"comment_status":"closed","ping_status":"closed","sticky":false,"template":"","format":"standard","meta":{"footnotes":""},"categories":[30,36,37],"tags":[],"class_list":["post-77966","post","type-post","status-publish","format-standard","has-post-thumbnail","hentry","category-destacado","category-edomex","category-justicia"],"_links":{"self":[{"href":"https:\/\/elinformante.mx\/index.php?rest_route=\/wp\/v2\/posts\/77966","targetHints":{"allow":["GET"]}}],"collection":[{"href":"https:\/\/elinformante.mx\/index.php?rest_route=\/wp\/v2\/posts"}],"about":[{"href":"https:\/\/elinformante.mx\/index.php?rest_route=\/wp\/v2\/types\/post"}],"author":[{"embeddable":true,"href":"https:\/\/elinformante.mx\/index.php?rest_route=\/wp\/v2\/users\/1"}],"replies":[{"embeddable":true,"href":"https:\/\/elinformante.mx\/index.php?rest_route=%2Fwp%2Fv2%2Fcomments&post=77966"}],"version-history":[{"count":0,"href":"https:\/\/elinformante.mx\/index.php?rest_route=\/wp\/v2\/posts\/77966\/revisions"}],"wp:featuredmedia":[{"embeddable":true,"href":"https:\/\/elinformante.mx\/index.php?rest_route=\/wp\/v2\/media\/77967"}],"wp:attachment":[{"href":"https:\/\/elinformante.mx\/index.php?rest_route=%2Fwp%2Fv2%2Fmedia&parent=77966"}],"wp:term":[{"taxonomy":"category","embeddable":true,"href":"https:\/\/elinformante.mx\/index.php?rest_route=%2Fwp%2Fv2%2Fcategories&post=77966"},{"taxonomy":"post_tag","embeddable":true,"href":"https:\/\/elinformante.mx\/index.php?rest_route=%2Fwp%2Fv2%2Ftags&post=77966"}],"curies":[{"name":"wp","href":"https:\/\/api.w.org\/{rel}","templated":true}]}}