{"id":77974,"date":"2025-03-13T05:48:28","date_gmt":"2025-03-13T11:48:28","guid":{"rendered":"https:\/\/elinformante.mx\/?p=77974"},"modified":"2025-03-13T05:48:35","modified_gmt":"2025-03-13T11:48:35","slug":"congreso-mexiquense-respalda-reforma-para-fortalecer-la-soberania-nacional","status":"publish","type":"post","link":"https:\/\/elinformante.mx\/?p=77974","title":{"rendered":"Congreso Mexiquense respalda reforma para fortalecer la soberan\u00eda nacional"},"content":{"rendered":"\n<figure class=\"wp-block-pullquote\"><blockquote><p>Las modificaciones a la carta magna incorporan el delito de terrorismo y la aplicaci\u00f3n de la pena m\u00e1s severa a quien fabrique o distribuya armas al territorio nacional de forma il\u00edcita.<\/p><\/blockquote><\/figure>\n\n\n\n<p class=\"has-drop-cap\">El Congreso mexiquense aprob\u00f3 la minuta, enviada por la C\u00e1mara de Diputados del Congreso de la Uni\u00f3n, en materia de fortalecimiento de la soberan\u00eda nacional y tr\u00e1fico ilegal de armas.<br><\/p>\n\n\n\n<p>De acuerdo con el documento, le\u00eddo por la diputada Mar\u00eda Jos\u00e9 P\u00e9rez Dom\u00ednguez, el pueblo de M\u00e9xico, bajo ninguna circunstancia, aceptar\u00e1 intervenciones, intromisiones o cualquier otro acto desde el extranjero, que sea lesivo de la integridad, independencia y soberan\u00eda de la naci\u00f3n, tales como golpes de Estado, injerencias en elecciones o la violaci\u00f3n del territorio mexicano, sea por tierra, agua, mar o espacio a\u00e9reo.<br><\/p>\n\n\n\n<p>La reforma, impulsada por la presidenta Claudia Sheinbaum Pardo, establece que se le impondr\u00e1 la pena m\u00e1s severa posible, as\u00ed como la medida cautelar de prisi\u00f3n preventiva oficiosa a cualquier persona extranjera que realice actividades al margen de la ley, y a cualquier persona nacional o extranjera involucrada en la fabricaci\u00f3n, distribuci\u00f3n, enajenaci\u00f3n, traslado o internaci\u00f3n al territorio nacional de manera il\u00edcita de armas.<br><\/p>\n\n\n\n<p>Puntualiza que no se consentir\u00e1 intervenci\u00f3n en investigaci\u00f3n y persecuci\u00f3n alguna, sin la autorizaci\u00f3n y colaboraci\u00f3n expresa del Estado mexicano, en el marco de las leyes aplicables; y determina que la persona juzgadora ordenar\u00e1 la prisi\u00f3n preventiva oficiosamente por el delito de terrorismo.<br><\/p>\n\n\n\n<p>Finalmente, en los art\u00edculos transitorios de la reforma, se indica que el Congreso de la Uni\u00f3n y las legislaturas locales deber\u00e1n hacer las adecuaciones normativas, que deriven de la presente reforma, en un plazo no mayor a 180 d\u00edas naturales, contados a partir del d\u00eda siguiente de la entrada en vigor del decreto.<\/p>\n","protected":false},"excerpt":{"rendered":"<p>Las modificaciones a la carta magna incorporan el delito de terrorismo y la aplicaci\u00f3n de la pena m\u00e1s severa a quien fabrique o distribuya armas al territorio nacional de forma il\u00edcita. El Congreso mexiquense aprob\u00f3 la minuta, enviada por la C\u00e1mara de Diputados del Congreso de la Uni\u00f3n, en materia de fortalecimiento de la soberan\u00eda [&hellip;]<\/p>\n","protected":false},"author":1,"featured_media":77975,"comment_status":"closed","ping_status":"closed","sticky":false,"template":"","format":"standard","meta":{"footnotes":""},"categories":[30,36],"tags":[],"class_list":["post-77974","post","type-post","status-publish","format-standard","has-post-thumbnail","hentry","category-destacado","category-edomex"],"_links":{"self":[{"href":"https:\/\/elinformante.mx\/index.php?rest_route=\/wp\/v2\/posts\/77974","targetHints":{"allow":["GET"]}}],"collection":[{"href":"https:\/\/elinformante.mx\/index.php?rest_route=\/wp\/v2\/posts"}],"about":[{"href":"https:\/\/elinformante.mx\/index.php?rest_route=\/wp\/v2\/types\/post"}],"author":[{"embeddable":true,"href":"https:\/\/elinformante.mx\/index.php?rest_route=\/wp\/v2\/users\/1"}],"replies":[{"embeddable":true,"href":"https:\/\/elinformante.mx\/index.php?rest_route=%2Fwp%2Fv2%2Fcomments&post=77974"}],"version-history":[{"count":0,"href":"https:\/\/elinformante.mx\/index.php?rest_route=\/wp\/v2\/posts\/77974\/revisions"}],"wp:featuredmedia":[{"embeddable":true,"href":"https:\/\/elinformante.mx\/index.php?rest_route=\/wp\/v2\/media\/77975"}],"wp:attachment":[{"href":"https:\/\/elinformante.mx\/index.php?rest_route=%2Fwp%2Fv2%2Fmedia&parent=77974"}],"wp:term":[{"taxonomy":"category","embeddable":true,"href":"https:\/\/elinformante.mx\/index.php?rest_route=%2Fwp%2Fv2%2Fcategories&post=77974"},{"taxonomy":"post_tag","embeddable":true,"href":"https:\/\/elinformante.mx\/index.php?rest_route=%2Fwp%2Fv2%2Ftags&post=77974"}],"curies":[{"name":"wp","href":"https:\/\/api.w.org\/{rel}","templated":true}]}}