{"id":77977,"date":"2025-03-13T05:50:26","date_gmt":"2025-03-13T11:50:26","guid":{"rendered":"https:\/\/elinformante.mx\/?p=77977"},"modified":"2025-03-13T05:50:27","modified_gmt":"2025-03-13T11:50:27","slug":"asesora-gem-a-municipios-para-integrar-acciones-a-favor-del-bienestar-de-las-juventudes","status":"publish","type":"post","link":"https:\/\/elinformante.mx\/?p=77977","title":{"rendered":"Asesora GEM a municipios para integrar acciones a favor del bienestar de las juventudes"},"content":{"rendered":"\n<figure class=\"wp-block-pullquote\"><blockquote><p>Finalizan los \u201cEncuentros Regionales de Instancias Municipales de la Juventud\u201d, participan autoridades de los 125 municipios, diputados federales y locales.<\/p><\/blockquote><\/figure>\n\n\n\n<p class=\"has-drop-cap\">Para conocer los desaf\u00edos que enfrentan las juventudes en cada uno de los municipios mexiquenses y dise\u00f1ar estrategias de atenci\u00f3n entre los diferentes \u00f3rdenes de Gobierno, el Instituto Mexiquense de la Juventud (IMEJ) realiz\u00f3 siete mesas de trabajo con representantes de los 125 ayuntamientos y legisladores federales y locales.<br><\/p>\n\n\n\n<p>Como parte de los \u201cEncuentros Regionales de Instancias Municipales de la Juventud\u201d, destaca una preconsulta sobre las diversas situaciones de las juventudes, con el fin de crear institutos de juventud municipales capacitados para atender oportunamente las demandas de este sector.<br><\/p>\n\n\n\n<p>Sergio Jassiel Zamora L\u00f3pez, director del IMEJ, refrend\u00f3 el compromiso que tiene la Gobernadora Delfina G\u00f3mez \u00c1lvarez con este grupo de la poblaci\u00f3n, se\u00f1alando que el Instituto realiza actividades como la entrega del programa \u201cJ\u00f3venes con Bienestar\u201d, dirigido a personas de 18 a 29 a\u00f1os, en condici\u00f3n de pobreza y que no hayan concluido la educaci\u00f3n obligatoria, a trav\u00e9s de un apoyo de seis mil pesos, que son dispersados en dos exhibiciones, cada una de 3 mil pesos.<br><\/p>\n\n\n\n<p>As\u00ed como la difusi\u00f3n de talleres para prevenir y erradicar situaciones que pongan en riesgo la salud f\u00edsica y emocional de las y los j\u00f3venes, y el despliegue de las Jornadas Multidisciplinarias.<br><\/p>\n\n\n\n<p>Durante los \u201cEncuentros Regionales de Instancias Municipales de la Juventud\u201d, se estableci\u00f3 que el IMEJ apoyar\u00e1 a los ayuntamientos para generar actividades en beneficio de las juventudes, mediante un trabajo transversal y cercano entre Gobierno estatal y municipal.<br><\/p>\n\n\n\n<p>Estas mesas de trabajo participaci\u00f3n de Armando Corona Arvizu, Diputado Federal por el Estado de M\u00e9xico en la LXVI Legislatura; Roc\u00edo D\u00e1vila S\u00e1nchez, Nelly Rivera S\u00e1nchez, Luis Valde\u00f1a Bastida y Carlos Antonio Mart\u00ednez Zurita Trejo; diputadas y diputados locales de la LXII Legislatura del Estado de M\u00e9xico.<\/p>\n","protected":false},"excerpt":{"rendered":"<p>Finalizan los \u201cEncuentros Regionales de Instancias Municipales de la Juventud\u201d, participan autoridades de los 125 municipios, diputados federales y locales. Para conocer los desaf\u00edos que enfrentan las juventudes en cada uno de los municipios mexiquenses y dise\u00f1ar estrategias de atenci\u00f3n entre los diferentes \u00f3rdenes de Gobierno, el Instituto Mexiquense de la Juventud (IMEJ) realiz\u00f3 siete [&hellip;]<\/p>\n","protected":false},"author":1,"featured_media":77978,"comment_status":"closed","ping_status":"closed","sticky":false,"template":"","format":"standard","meta":{"footnotes":""},"categories":[36],"tags":[],"class_list":["post-77977","post","type-post","status-publish","format-standard","has-post-thumbnail","hentry","category-edomex"],"_links":{"self":[{"href":"https:\/\/elinformante.mx\/index.php?rest_route=\/wp\/v2\/posts\/77977","targetHints":{"allow":["GET"]}}],"collection":[{"href":"https:\/\/elinformante.mx\/index.php?rest_route=\/wp\/v2\/posts"}],"about":[{"href":"https:\/\/elinformante.mx\/index.php?rest_route=\/wp\/v2\/types\/post"}],"author":[{"embeddable":true,"href":"https:\/\/elinformante.mx\/index.php?rest_route=\/wp\/v2\/users\/1"}],"replies":[{"embeddable":true,"href":"https:\/\/elinformante.mx\/index.php?rest_route=%2Fwp%2Fv2%2Fcomments&post=77977"}],"version-history":[{"count":0,"href":"https:\/\/elinformante.mx\/index.php?rest_route=\/wp\/v2\/posts\/77977\/revisions"}],"wp:featuredmedia":[{"embeddable":true,"href":"https:\/\/elinformante.mx\/index.php?rest_route=\/wp\/v2\/media\/77978"}],"wp:attachment":[{"href":"https:\/\/elinformante.mx\/index.php?rest_route=%2Fwp%2Fv2%2Fmedia&parent=77977"}],"wp:term":[{"taxonomy":"category","embeddable":true,"href":"https:\/\/elinformante.mx\/index.php?rest_route=%2Fwp%2Fv2%2Fcategories&post=77977"},{"taxonomy":"post_tag","embeddable":true,"href":"https:\/\/elinformante.mx\/index.php?rest_route=%2Fwp%2Fv2%2Ftags&post=77977"}],"curies":[{"name":"wp","href":"https:\/\/api.w.org\/{rel}","templated":true}]}}