{"id":77980,"date":"2025-03-13T05:53:15","date_gmt":"2025-03-13T11:53:15","guid":{"rendered":"https:\/\/elinformante.mx\/?p=77980"},"modified":"2025-03-13T05:54:36","modified_gmt":"2025-03-13T11:54:36","slug":"invita-gem-a-participar-en-mi-tianguis-colibri","status":"publish","type":"post","link":"https:\/\/elinformante.mx\/?p=77980","title":{"rendered":"Invita GEM a participar en \u201cMi Tianguis Colibr\u00ed\u201d"},"content":{"rendered":"\n<figure class=\"wp-block-pullquote\"><blockquote><p>Se llevar\u00e1 a cabo del 12 al 16 de marzo, visitar\u00e1 los municipios de San Mateo Atenco, Jilotepec, Metepec, Ecatepec, y Villa de Allende.<\/p><\/blockquote><\/figure>\n\n\n\n<p class=\"has-drop-cap\">Con la finalidad de fortalecer el consumo local, la autosuficiencia y el desarrollo de las comunidades, el Gobierno del Estado de M\u00e9xico impulsa el programa \u201cMi Tianguis Colibr\u00ed\u201d, adem\u00e1s contribuye a preservar la tradici\u00f3n del tianguis, una actividad que ha sido parte fundamental de la cultura y el comercio en M\u00e9xico.<br><\/p>\n\n\n\n<p>Del 12 al 16 de marzo, \u201cMi Tianguis Colibr\u00ed\u201d visitar\u00e1 los municipios de San Mateo Atenco, Jilotepec, Metepec, Ecatepec, y Villa de Allende, para que productores locales y comerciantes puedan vender sus productos sin intermediarios, permitiendo precios accesibles para los consumidores y mayores ganancias para los vendedores.<br><\/p>\n\n\n\n<figure class=\"wp-block-image size-large\"><img fetchpriority=\"high\" decoding=\"async\" width=\"1024\" height=\"506\" src=\"https:\/\/elinformante.mx\/wp-content\/uploads\/2025\/03\/11invita-2-1024x506.jpg\" alt=\"\" class=\"wp-image-77982\" srcset=\"https:\/\/elinformante.mx\/wp-content\/uploads\/2025\/03\/11invita-2-1024x506.jpg 1024w, https:\/\/elinformante.mx\/wp-content\/uploads\/2025\/03\/11invita-2-300x148.jpg 300w, https:\/\/elinformante.mx\/wp-content\/uploads\/2025\/03\/11invita-2-768x379.jpg 768w, https:\/\/elinformante.mx\/wp-content\/uploads\/2025\/03\/11invita-2.jpg 1140w\" sizes=\"(max-width: 1024px) 100vw, 1024px\" \/><\/figure>\n\n\n\n<p>\u201cMi Tianguis Colibr\u00ed\u201d es una iniciativa a cargo de la Secretar\u00eda del Campo, que destaca por la diversidad de productos, desde alimentos frescos y artesan\u00edas, hasta art\u00edculos de primera necesidad, beneficiando directamente a las comunidades al promover el consumo local y la econom\u00eda circular.<br><\/p>\n\n\n\n<p>Adem\u00e1s, ofrece apoyo log\u00edstico y capacitaci\u00f3n a los comerciantes, garantizando la sostenibilidad de estos espacios comerciales.<br><\/p>\n\n\n\n<p>Este a\u00f1o \u201cMi Tianguis Colibr\u00ed\u201d se ha realizado en Valle de Bravo, Ozumba, Amecameca, Atlautla, Teotihuac\u00e1n, Cuautitl\u00e1n Izcalli, Atlacomulco, Valle de Bravo y Tenancingo, en los que han participado 168 productores y 191 productoras mexiquenses.<\/p>\n","protected":false},"excerpt":{"rendered":"<p>Se llevar\u00e1 a cabo del 12 al 16 de marzo, visitar\u00e1 los municipios de San Mateo Atenco, Jilotepec, Metepec, Ecatepec, y Villa de Allende. Con la finalidad de fortalecer el consumo local, la autosuficiencia y el desarrollo de las comunidades, el Gobierno del Estado de M\u00e9xico impulsa el programa \u201cMi Tianguis Colibr\u00ed\u201d, adem\u00e1s contribuye a [&hellip;]<\/p>\n","protected":false},"author":1,"featured_media":77981,"comment_status":"closed","ping_status":"closed","sticky":false,"template":"","format":"standard","meta":{"footnotes":""},"categories":[30,36],"tags":[],"class_list":["post-77980","post","type-post","status-publish","format-standard","has-post-thumbnail","hentry","category-destacado","category-edomex"],"_links":{"self":[{"href":"https:\/\/elinformante.mx\/index.php?rest_route=\/wp\/v2\/posts\/77980","targetHints":{"allow":["GET"]}}],"collection":[{"href":"https:\/\/elinformante.mx\/index.php?rest_route=\/wp\/v2\/posts"}],"about":[{"href":"https:\/\/elinformante.mx\/index.php?rest_route=\/wp\/v2\/types\/post"}],"author":[{"embeddable":true,"href":"https:\/\/elinformante.mx\/index.php?rest_route=\/wp\/v2\/users\/1"}],"replies":[{"embeddable":true,"href":"https:\/\/elinformante.mx\/index.php?rest_route=%2Fwp%2Fv2%2Fcomments&post=77980"}],"version-history":[{"count":0,"href":"https:\/\/elinformante.mx\/index.php?rest_route=\/wp\/v2\/posts\/77980\/revisions"}],"wp:featuredmedia":[{"embeddable":true,"href":"https:\/\/elinformante.mx\/index.php?rest_route=\/wp\/v2\/media\/77981"}],"wp:attachment":[{"href":"https:\/\/elinformante.mx\/index.php?rest_route=%2Fwp%2Fv2%2Fmedia&parent=77980"}],"wp:term":[{"taxonomy":"category","embeddable":true,"href":"https:\/\/elinformante.mx\/index.php?rest_route=%2Fwp%2Fv2%2Fcategories&post=77980"},{"taxonomy":"post_tag","embeddable":true,"href":"https:\/\/elinformante.mx\/index.php?rest_route=%2Fwp%2Fv2%2Ftags&post=77980"}],"curies":[{"name":"wp","href":"https:\/\/api.w.org\/{rel}","templated":true}]}}