{"id":77989,"date":"2025-03-13T06:01:25","date_gmt":"2025-03-13T12:01:25","guid":{"rendered":"https:\/\/elinformante.mx\/?p=77989"},"modified":"2025-03-13T06:01:28","modified_gmt":"2025-03-13T12:01:28","slug":"la-uaemex-se-suma-a-la-colecta-nacional-de-la-cruz-roja","status":"publish","type":"post","link":"https:\/\/elinformante.mx\/?p=77989","title":{"rendered":"La UAEM\u00e9x se suma a la colecta nacional de la Cruz Roja"},"content":{"rendered":"\n<figure class=\"wp-block-pullquote\"><blockquote><p>El rector Carlos Eduardo Barrera D\u00edaz se reuni\u00f3 con los dirigentes de la Cruz Roja.<\/p><\/blockquote><\/figure>\n\n\n\n<p class=\"has-drop-cap\">Una vez m\u00e1s mostrando su solidaridad por parte de la m\u00e1xima casa de estudios la UAEM\u00e9x se sum\u00f3 a la colecta nacional que realiza la Cruz Roja Mexicana.<br><\/p>\n\n\n\n<p>El rector Carlos Eduardo Barrera D\u00edaz afirm\u00f3 que se mantiene vigentes los principios de solidaridad y filantrop\u00eda, por lo que refrend\u00f3 la decisi\u00f3n de la comunidad universitaria de respaldar a Cruz Roja Mexicana en la desinteresada labor que lleva a cabo en beneficio de la poblaci\u00f3n.<br><\/p>\n\n\n\n<figure class=\"wp-block-image size-large\"><img fetchpriority=\"high\" decoding=\"async\" width=\"1024\" height=\"506\" src=\"https:\/\/elinformante.mx\/wp-content\/uploads\/2025\/03\/10UAEMEX-2-6-1024x506.jpg\" alt=\"\" class=\"wp-image-77992\" srcset=\"https:\/\/elinformante.mx\/wp-content\/uploads\/2025\/03\/10UAEMEX-2-6-1024x506.jpg 1024w, https:\/\/elinformante.mx\/wp-content\/uploads\/2025\/03\/10UAEMEX-2-6-300x148.jpg 300w, https:\/\/elinformante.mx\/wp-content\/uploads\/2025\/03\/10UAEMEX-2-6-768x379.jpg 768w, https:\/\/elinformante.mx\/wp-content\/uploads\/2025\/03\/10UAEMEX-2-6.jpg 1140w\" sizes=\"(max-width: 1024px) 100vw, 1024px\" \/><\/figure>\n\n\n\n<p>En la pl\u00e1tica reafirmaron la importancia de la colaboraci\u00f3n y la aplicaci\u00f3n de acciones conjuntas que fortalezcan el bienestar de la sociedad y comunidad universitaria.<br><\/p>\n\n\n\n<p>Durante la pl\u00e1tica se ha destacando la labor que han hecho los alumnos de la UAEM\u00e9x, principalmente de las licenciaturas de Medicina y Enfermer\u00eda, que se han sumado activamente a la labor humanitaria que Cruz Roja Mexicana lleva a cabo en las comunidades geogr\u00e1ficamente m\u00e1s apartadas y econ\u00f3micamente menos favorecidas.<\/p>\n","protected":false},"excerpt":{"rendered":"<p>El rector Carlos Eduardo Barrera D\u00edaz se reuni\u00f3 con los dirigentes de la Cruz Roja. Una vez m\u00e1s mostrando su solidaridad por parte de la m\u00e1xima casa de estudios la UAEM\u00e9x se sum\u00f3 a la colecta nacional que realiza la Cruz Roja Mexicana. El rector Carlos Eduardo Barrera D\u00edaz afirm\u00f3 que se mantiene vigentes los [&hellip;]<\/p>\n","protected":false},"author":1,"featured_media":77991,"comment_status":"closed","ping_status":"closed","sticky":false,"template":"","format":"standard","meta":{"footnotes":""},"categories":[30,36],"tags":[],"class_list":["post-77989","post","type-post","status-publish","format-standard","has-post-thumbnail","hentry","category-destacado","category-edomex"],"_links":{"self":[{"href":"https:\/\/elinformante.mx\/index.php?rest_route=\/wp\/v2\/posts\/77989","targetHints":{"allow":["GET"]}}],"collection":[{"href":"https:\/\/elinformante.mx\/index.php?rest_route=\/wp\/v2\/posts"}],"about":[{"href":"https:\/\/elinformante.mx\/index.php?rest_route=\/wp\/v2\/types\/post"}],"author":[{"embeddable":true,"href":"https:\/\/elinformante.mx\/index.php?rest_route=\/wp\/v2\/users\/1"}],"replies":[{"embeddable":true,"href":"https:\/\/elinformante.mx\/index.php?rest_route=%2Fwp%2Fv2%2Fcomments&post=77989"}],"version-history":[{"count":0,"href":"https:\/\/elinformante.mx\/index.php?rest_route=\/wp\/v2\/posts\/77989\/revisions"}],"wp:featuredmedia":[{"embeddable":true,"href":"https:\/\/elinformante.mx\/index.php?rest_route=\/wp\/v2\/media\/77991"}],"wp:attachment":[{"href":"https:\/\/elinformante.mx\/index.php?rest_route=%2Fwp%2Fv2%2Fmedia&parent=77989"}],"wp:term":[{"taxonomy":"category","embeddable":true,"href":"https:\/\/elinformante.mx\/index.php?rest_route=%2Fwp%2Fv2%2Fcategories&post=77989"},{"taxonomy":"post_tag","embeddable":true,"href":"https:\/\/elinformante.mx\/index.php?rest_route=%2Fwp%2Fv2%2Ftags&post=77989"}],"curies":[{"name":"wp","href":"https:\/\/api.w.org\/{rel}","templated":true}]}}