{"id":77994,"date":"2025-03-13T06:04:45","date_gmt":"2025-03-13T12:04:45","guid":{"rendered":"https:\/\/elinformante.mx\/?p=77994"},"modified":"2025-03-13T06:06:31","modified_gmt":"2025-03-13T12:06:31","slug":"estrena-caem-sala-de-lactancia-libre-y-segura-para-su-bienestar-los-bebes","status":"publish","type":"post","link":"https:\/\/elinformante.mx\/?p=77994","title":{"rendered":"Estrena CAEM sala de \u201cLactancia Libre y Segura\u201d para su bienestar y de sus beb\u00e9s"},"content":{"rendered":"\n<figure class=\"wp-block-pullquote\"><blockquote><p>Este lactario est\u00e1 habilitado con un frigobar, lavamanos y estaci\u00f3n para cambiar pa\u00f1ales; podr\u00e1n utilizarlo hasta por 40 minutos, dos veces al d\u00eda, con previo registro.<\/p><\/blockquote><\/figure>\n\n\n\n<p class=\"has-drop-cap\">El uso del lactario permite ejercer el derecho a la lactancia materna durante la jornada de trabajo en condiciones de calidad y calidez para las usuarias, para fomentar esta responsabilidad, el Gobierno de la Maestra Delfina G\u00f3mez \u00c1lvarez inaugur\u00f3 la estancia de \u201cLactancia Libre y Segura\u201d en las instalaciones de la Comisi\u00f3n del Agua del Estado de M\u00e9xico (CAEM).<br><\/p>\n\n\n\n<p>Beatriz Garc\u00eda Villegas, Vocal Ejecutiva de la CAEM, destac\u00f3 que el principal motivo para la creaci\u00f3n de este Lactario es generar conciencia sobre lo dif\u00edcil que es, para las mujeres que laboran, el proceso de alimentaci\u00f3n de sus hijos cuando no se cuenta con espacios dignos y c\u00f3modos, lo que puede generar problemas de salud a personas lactantes e infancias.<br><\/p>\n\n\n\n<p>Este sitio, que beneficiar\u00e1 a diez madres trabajadoras de la CAEM, cuenta con un frigobar para guardar la leche materna, lavamanos y estaci\u00f3n para cambiar pa\u00f1ales; las trabajadoras podr\u00e1n utilizarlo hasta por 40 minutos, dos veces al d\u00eda, con previo registro.<br><\/p>\n\n\n\n<figure class=\"wp-block-image size-large\"><img fetchpriority=\"high\" decoding=\"async\" width=\"1024\" height=\"506\" src=\"https:\/\/elinformante.mx\/wp-content\/uploads\/2025\/03\/7ESTRENA-2-1024x506.jpg\" alt=\"\" class=\"wp-image-77996\" srcset=\"https:\/\/elinformante.mx\/wp-content\/uploads\/2025\/03\/7ESTRENA-2-1024x506.jpg 1024w, https:\/\/elinformante.mx\/wp-content\/uploads\/2025\/03\/7ESTRENA-2-300x148.jpg 300w, https:\/\/elinformante.mx\/wp-content\/uploads\/2025\/03\/7ESTRENA-2-768x379.jpg 768w, https:\/\/elinformante.mx\/wp-content\/uploads\/2025\/03\/7ESTRENA-2.jpg 1140w\" sizes=\"(max-width: 1024px) 100vw, 1024px\" \/><\/figure>\n\n\n\n<p>\u201cConsidero que es una muy buena opci\u00f3n para nosotras y para las mujeres que vienen atr\u00e1s de nosotras, porque van a tener un lugar seguro c\u00f3modo y limpio sobre todo y podr\u00e1n seguir su funci\u00f3n de madres lactantes que es un beneficio muy bueno para nuestros beb\u00e9s y yo considero que es un buen camino\u201d, declar\u00f3 Mireya Aguirre Hern\u00e1ndez, colaboradora de la CAEM.<br><\/p>\n\n\n\n<p>Karelia \u00c1ngeles Alonso, tambi\u00e9n agradeci\u00f3 esta acci\u00f3n del Gobierno del Estado de M\u00e9xico, \u201cobviamente este tipo de actividades nos llena bastante de orgullo, satisfacci\u00f3n y agradecimiento, porque est\u00e1n volteando a ver al sector que son las mujeres, tristemente hemos visto que cuando la mam\u00e1 se pone a amamantar, pues la cambia, la corren, la quitan del lugar y creo que es algo natural que no tendremos porqu\u00e9 sentirnos opacadas, amenazadas o dem\u00e1s\u201d.<br><\/p>\n\n\n\n<p>De acuerdo con las instrucciones de la Gobernadora Delfina G\u00f3mez \u00c1lvarez para la transformaci\u00f3n y el bienestar en los centros laborales, la CAEM continuar\u00e1 generando cambios dentro del organismo, a fin de garantizar un entorno laboral inclusivo, saludable y equitativo.<\/p>\n","protected":false},"excerpt":{"rendered":"<p>Este lactario est\u00e1 habilitado con un frigobar, lavamanos y estaci\u00f3n para cambiar pa\u00f1ales; podr\u00e1n utilizarlo hasta por 40 minutos, dos veces al d\u00eda, con previo registro. El uso del lactario permite ejercer el derecho a la lactancia materna durante la jornada de trabajo en condiciones de calidad y calidez para las usuarias, para fomentar esta [&hellip;]<\/p>\n","protected":false},"author":1,"featured_media":77995,"comment_status":"closed","ping_status":"closed","sticky":false,"template":"","format":"standard","meta":{"footnotes":""},"categories":[36],"tags":[],"class_list":["post-77994","post","type-post","status-publish","format-standard","has-post-thumbnail","hentry","category-edomex"],"_links":{"self":[{"href":"https:\/\/elinformante.mx\/index.php?rest_route=\/wp\/v2\/posts\/77994","targetHints":{"allow":["GET"]}}],"collection":[{"href":"https:\/\/elinformante.mx\/index.php?rest_route=\/wp\/v2\/posts"}],"about":[{"href":"https:\/\/elinformante.mx\/index.php?rest_route=\/wp\/v2\/types\/post"}],"author":[{"embeddable":true,"href":"https:\/\/elinformante.mx\/index.php?rest_route=\/wp\/v2\/users\/1"}],"replies":[{"embeddable":true,"href":"https:\/\/elinformante.mx\/index.php?rest_route=%2Fwp%2Fv2%2Fcomments&post=77994"}],"version-history":[{"count":0,"href":"https:\/\/elinformante.mx\/index.php?rest_route=\/wp\/v2\/posts\/77994\/revisions"}],"wp:featuredmedia":[{"embeddable":true,"href":"https:\/\/elinformante.mx\/index.php?rest_route=\/wp\/v2\/media\/77995"}],"wp:attachment":[{"href":"https:\/\/elinformante.mx\/index.php?rest_route=%2Fwp%2Fv2%2Fmedia&parent=77994"}],"wp:term":[{"taxonomy":"category","embeddable":true,"href":"https:\/\/elinformante.mx\/index.php?rest_route=%2Fwp%2Fv2%2Fcategories&post=77994"},{"taxonomy":"post_tag","embeddable":true,"href":"https:\/\/elinformante.mx\/index.php?rest_route=%2Fwp%2Fv2%2Ftags&post=77994"}],"curies":[{"name":"wp","href":"https:\/\/api.w.org\/{rel}","templated":true}]}}